{"id":78996,"date":"2020-03-13T14:02:40","date_gmt":"2020-03-13T18:02:40","guid":{"rendered":"https:\/\/linitiative.ca\/International\/coronavirus-le-premier-patient-au-maroc-est-retabli\/"},"modified":"2020-03-13T14:02:40","modified_gmt":"2020-03-13T18:02:40","slug":"coronavirus-le-premier-patient-au-maroc-est-retabli","status":"publish","type":"post","link":"https:\/\/linitiative.ca\/International\/coronavirus-le-premier-patient-au-maroc-est-retabli\/","title":{"rendered":"Coronavirus : le premier patient au Maroc est r\u00e9tabli"},"content":{"rendered":"<p><strong>Le minist\u00e8re de la Sant\u00e9 a annonc\u00e9, ce vendredi, que le premier cas de contamination au Coronavirus au Maroc a \u00e9t\u00e9 r\u00e9tabli.<\/strong><\/p>\n<div class=\"c10\"\/>\n<p>Le minist\u00e8re de la Sant\u00e9 a confirm\u00e9 dans un communiqu\u00e9 que le jeune Marocain de 39 ans qui a \u00e9t\u00e9 plac\u00e9 en isolement dans l\u2019un des h\u00f4pitaux de Casablanca\u00a0le 3 mars, suite \u00e0 son arriv\u00e9e d\u2019Italie, a \u00e9t\u00e9 r\u00e9tabli apr\u00e8s avoir subi les tests du laboratoire. Il quittera l\u2019h\u00f4pital ce soir.<\/p>\n<p>La situation \u00e9pid\u00e9miologique li\u00e9e au <strong>Coronavirus<\/strong> dans le Royaume jusqu\u2019au vendredi 13 mars 2020 affiche 7 cas confirm\u00e9s d\u2019infection, dont le d\u00e9c\u00e8s de la femme de 89 ans, tandis que les quatre autres cas confirm\u00e9s qui sont actuellement sous assistance m\u00e9dicale dans un h\u00f4pital de Casablanca sont pris en charge conform\u00e9ment aux mesures sanitaires en vigueur.<\/p>\n<p>Lire aussi : <a href=\"https:\/\/www.challenge.ma\/coronavirus-un-7eme-cas-confirme-au-maroc-132077\/\">Coronavirus : Un 7\u00e8me cas confirm\u00e9 au Maroc<\/a><\/p>\n<p>Le cinqui\u00e8me cas de nationalit\u00e9 fran\u00e7aise, d\u2019origine s\u00e9n\u00e9galaise, fait toujours l\u2019objet de soins intensifs, compte tenu de ses <strong>maladies<\/strong> <strong>chroniques.<\/strong><\/p>\n<p><img decoding=\"async\" src=\"https:\/\/www.challenge.ma\/wp-content\/uploads\/2020\/03\/89797330_2971416179568801_466604491123195904_o.jpg\" alt=\"\" class=\"wp-image-132156\" srcset=\"https:\/\/www.challenge.ma\/wp-content\/uploads\/2020\/03\/89797330_2971416179568801_466604491123195904_o.jpg 692w, https:\/\/www.challenge.ma\/wp-content\/uploads\/2020\/03\/89797330_2971416179568801_466604491123195904_o-216x300.jpg 216w, https:\/\/www.challenge.ma\/wp-content\/uploads\/2020\/03\/89797330_2971416179568801_466604491123195904_o-360x499.jpg 360w\" sizes=\"(max-width: 692px) 100vw, 692px\"\/><\/p>\n<div class=\"c17\">\n<fieldset class=\"c16\">\n<legend><strong><span class=\"c11\">Challenge<\/span><span class=\"c12\">news<\/span><\/strong><\/legend>\n<div class=\"c15\">Le meilleur de Challenge s\u00e9lectionn\u00e9 par la r\u00e9daction :<\/p>\n<\/div>\n<\/fieldset>\n<\/div>\n<p>Auteur: Hajar DARI<br \/>\n<a href=\"https:\/\/www.challenge.ma\/coronavirus-le-premier-patient-au-maroc-est-retabli-132152\/\">Cliquez ici pour lire l&rsquo;article depuis sa source.<\/a><\/p>\n","protected":false},"excerpt":{"rendered":"<p>Le minist\u00e8re de la Sant\u00e9 a annonc\u00e9, ce vendredi, que le premier cas de contamination au Coronavirus au Maroc a \u00e9t\u00e9 r\u00e9tabli. Le minist\u00e8re de la Sant\u00e9 a confirm\u00e9 dans un communiqu\u00e9 que le jeune Marocain de 39 ans qui a \u00e9t\u00e9 plac\u00e9 en isolement dans l\u2019un des h\u00f4pitaux de Casablanca\u00a0le 3 mars, suite \u00e0 [&hellip;]<\/p>\n","protected":false},"author":1787,"featured_media":78997,"comment_status":"closed","ping_status":"closed","sticky":false,"template":"","format":"standard","meta":{"fifu_image_url":"","fifu_image_alt":"","footnotes":""},"categories":[78,54],"tags":[],"class_list":["post-78996","post","type-post","status-publish","format-standard","has-post-thumbnail","hentry","category-economie","category-maroc"],"_links":{"self":[{"href":"https:\/\/linitiative.ca\/International\/wp-json\/wp\/v2\/posts\/78996","targetHints":{"allow":["GET"]}}],"collection":[{"href":"https:\/\/linitiative.ca\/International\/wp-json\/wp\/v2\/posts"}],"about":[{"href":"https:\/\/linitiative.ca\/International\/wp-json\/wp\/v2\/types\/post"}],"author":[{"embeddable":true,"href":"https:\/\/linitiative.ca\/International\/wp-json\/wp\/v2\/users\/1787"}],"replies":[{"embeddable":true,"href":"https:\/\/linitiative.ca\/International\/wp-json\/wp\/v2\/comments?post=78996"}],"version-history":[{"count":0,"href":"https:\/\/linitiative.ca\/International\/wp-json\/wp\/v2\/posts\/78996\/revisions"}],"wp:featuredmedia":[{"embeddable":true,"href":"https:\/\/linitiative.ca\/International\/wp-json\/"}],"wp:attachment":[{"href":"https:\/\/linitiative.ca\/International\/wp-json\/wp\/v2\/media?parent=78996"}],"wp:term":[{"taxonomy":"category","embeddable":true,"href":"https:\/\/linitiative.ca\/International\/wp-json\/wp\/v2\/categories?post=78996"},{"taxonomy":"post_tag","embeddable":true,"href":"https:\/\/linitiative.ca\/International\/wp-json\/wp\/v2\/tags?post=78996"}],"curies":[{"name":"wp","href":"https:\/\/api.w.org\/{rel}","templated":true}]}}