{"id":78998,"date":"2020-03-13T14:25:58","date_gmt":"2020-03-13T18:25:58","guid":{"rendered":"https:\/\/linitiative.ca\/International\/abdellatif-laabi-parmi-les-laureats-du-prix-mahmoud-darwich-de-la-creativite-en-2020\/"},"modified":"2020-03-13T14:25:58","modified_gmt":"2020-03-13T18:25:58","slug":"abdellatif-laabi-parmi-les-laureats-du-prix-mahmoud-darwich-de-la-creativite-en-2020","status":"publish","type":"post","link":"https:\/\/linitiative.ca\/International\/abdellatif-laabi-parmi-les-laureats-du-prix-mahmoud-darwich-de-la-creativite-en-2020\/","title":{"rendered":"Abdellatif Laabi parmi les laur\u00e9ats du Prix Mahmoud Darwich de la cr\u00e9ativit\u00e9 en 2020"},"content":{"rendered":"<p><strong>La Fondation Mahmoud Darwich a d\u00e9voil\u00e9 vendredi la liste des laur\u00e9ats du Prix \u00ab\u00a0Mahmoud Darwich de la Culture et la cr\u00e9ativit\u00e9\u00a0\u00bb pour l\u2019ann\u00e9e 2020, qui comprenait le po\u00e8te et traducteur marocain Abdellatif La\u00e2bi.<\/strong><\/p>\n<div class=\"c10\"\/>\n<p>Le Prix de cette ann\u00e9e a \u00e9t\u00e9 d\u00e9cern\u00e9 au penseur am\u00e9ricain Noam Chomsky, au po\u00e8te marocain <strong>Abdellatif La\u00e2bi<\/strong> ainsi qu\u2019au chercheur et po\u00e8te palestinien Zakaria Mohamed, a pr\u00e9cis\u00e9 la Fondation Mahmoud Darwich dans un communiqu\u00e9.<\/p>\n<p>L\u2019attribution de ce Prix \u00e0 ces trois personnalit\u00e9s, d\u00e9cid\u00e9e par un Jury pr\u00e9sid\u00e9 par le Marocain Mohamed Berrada, en plus d\u2019un Prix d\u2019honneur sp\u00e9cial accord\u00e9 par le Conseil ex\u00e9cutif de la Fondation au po\u00e8te libanais Chawki Bazia, est la r\u00e9compense du r\u00f4le majeur de ces cr\u00e9ateurs dans la d\u00e9fense de la libert\u00e9, de l\u2019\u00e9mancipation, de la dignit\u00e9 et de la justice, ainsi que de leur action contre l\u2019injustice, l\u2019autoritarisme et le racisme, a ajout\u00e9 la Fondation.<\/p>\n<p>La <strong>Fondation Mahmoud Darwich<\/strong> a par ailleurs soulign\u00e9 avoir veill\u00e9, depuis sa cr\u00e9ation, \u00e0 ce que ce Prix, d\u00e9cern\u00e9 pour la onzi\u00e8me ann\u00e9e cons\u00e9cutive \u00e0 l\u2019occasion de l\u2019anniversaire de la naissance du po\u00e8te Mahmoud Darwich et de la comm\u00e9moration de la Journ\u00e9e nationale de la culture, ne se limite pas uniquement aux cr\u00e9ateurs palestiniens, mais comprend \u00e9galement des personnalit\u00e9s arabes et internationales, une tendance jug\u00e9e conforme \u00e0 la pens\u00e9e du po\u00e8te Mahamoud Darwich et \u00e0 sa volont\u00e9 de diffuser les valeurs d\u2019une vie noble contre le racisme, le fanatisme et la culture de l\u2019<strong>autoritarisme<\/strong>.<\/p>\n<div class=\"c17\">\n<fieldset class=\"c16\">\n<legend><strong><span class=\"c11\">Challenge<\/span><span class=\"c12\">news<\/span><\/strong><\/legend>\n<div class=\"c15\">Le meilleur de Challenge s\u00e9lectionn\u00e9 par la r\u00e9daction :<\/p>\n<\/div>\n<\/fieldset>\n<\/div>\n<p>Auteur: challenge<br \/>\n<a href=\"https:\/\/www.challenge.ma\/abdellatif-laabi-parmi-les-laureats-du-prix-mahmoud-darwich-de-la-creativite-en-2020-132161\/\">Cliquez ici pour lire l&rsquo;article depuis sa source.<\/a><\/p>\n","protected":false},"excerpt":{"rendered":"<p>La Fondation Mahmoud Darwich a d\u00e9voil\u00e9 vendredi la liste des laur\u00e9ats du Prix \u00ab\u00a0Mahmoud Darwich de la Culture et la cr\u00e9ativit\u00e9\u00a0\u00bb pour l\u2019ann\u00e9e 2020, qui comprenait le po\u00e8te et traducteur marocain Abdellatif La\u00e2bi. Le Prix de cette ann\u00e9e a \u00e9t\u00e9 d\u00e9cern\u00e9 au penseur am\u00e9ricain Noam Chomsky, au po\u00e8te marocain Abdellatif La\u00e2bi ainsi qu\u2019au chercheur et [&hellip;]<\/p>\n","protected":false},"author":1787,"featured_media":0,"comment_status":"closed","ping_status":"closed","sticky":false,"template":"","format":"standard","meta":{"fifu_image_url":"","fifu_image_alt":"","footnotes":""},"categories":[78,54],"tags":[],"class_list":["post-78998","post","type-post","status-publish","format-standard","hentry","category-economie","category-maroc"],"_links":{"self":[{"href":"https:\/\/linitiative.ca\/International\/wp-json\/wp\/v2\/posts\/78998","targetHints":{"allow":["GET"]}}],"collection":[{"href":"https:\/\/linitiative.ca\/International\/wp-json\/wp\/v2\/posts"}],"about":[{"href":"https:\/\/linitiative.ca\/International\/wp-json\/wp\/v2\/types\/post"}],"author":[{"embeddable":true,"href":"https:\/\/linitiative.ca\/International\/wp-json\/wp\/v2\/users\/1787"}],"replies":[{"embeddable":true,"href":"https:\/\/linitiative.ca\/International\/wp-json\/wp\/v2\/comments?post=78998"}],"version-history":[{"count":0,"href":"https:\/\/linitiative.ca\/International\/wp-json\/wp\/v2\/posts\/78998\/revisions"}],"wp:attachment":[{"href":"https:\/\/linitiative.ca\/International\/wp-json\/wp\/v2\/media?parent=78998"}],"wp:term":[{"taxonomy":"category","embeddable":true,"href":"https:\/\/linitiative.ca\/International\/wp-json\/wp\/v2\/categories?post=78998"},{"taxonomy":"post_tag","embeddable":true,"href":"https:\/\/linitiative.ca\/International\/wp-json\/wp\/v2\/tags?post=78998"}],"curies":[{"name":"wp","href":"https:\/\/api.w.org\/{rel}","templated":true}]}}