{"id":78999,"date":"2020-03-13T15:45:23","date_gmt":"2020-03-13T19:45:23","guid":{"rendered":"https:\/\/linitiative.ca\/International\/alsa-dement-la-mise-en-service-de-bus-importes-hors-zone-europeenne\/"},"modified":"2020-03-13T15:45:23","modified_gmt":"2020-03-13T19:45:23","slug":"alsa-dement-la-mise-en-service-de-bus-importes-hors-zone-europeenne","status":"publish","type":"post","link":"https:\/\/linitiative.ca\/International\/alsa-dement-la-mise-en-service-de-bus-importes-hors-zone-europeenne\/","title":{"rendered":"ALSA d\u00e9ment la mise en service de bus import\u00e9s hors zone europ\u00e9enne"},"content":{"rendered":"<p><strong>La soci\u00e9t\u00e9 ALSA Al Baida a d\u00e9menti, dans un communiqu\u00e9 publi\u00e9 ce vendredi<\/strong>, <strong>les rumeurs concernant l\u2019acquisition de la flotte compl\u00e9mentaire \u00e0 la phase d\u2019initialisation et la mise en service de bus import\u00e9s hors de la zone europ\u00e9enne.<\/strong><\/p>\n<div class=\"c10\"\/>\n<p>En vue de rem\u00e9dier au grand risque de la continuit\u00e9 du service en raison de la v\u00e9tust\u00e9 av\u00e9r\u00e9e des bus repris de l\u2019ancien d\u00e9l\u00e9gataire, le recours \u00e0 des bus provisoires a \u00e9t\u00e9 convenu, en octobre 2019 avec l\u2019Autorit\u00e9 d\u00e9l\u00e9gante, comme la solution \u00e0 m\u00eame de garantir un service de transport public par bus dans des conditions de s\u00e9curit\u00e9 et de fiabilit\u00e9 acceptable sur une courte dur\u00e9e, en attendant la livraison du parc des bus neufs, comme stipul\u00e9 dans le contrat de gestion d\u00e9l\u00e9gu\u00e9e, explique la soci\u00e9t\u00e9.<\/p>\n<p><strong>ALSA Al Baida<\/strong> a commenc\u00e9 ses recherches au niveau des pays europ\u00e9ens pour trouver le maximum de bus disponibles et, qu\u2019ils soient en m\u00eame temps de haute qualit\u00e9.\u00a0\u00ab\u00a0Les plus grands interm\u00e9diaires en Europe ont \u00e9t\u00e9 sollicit\u00e9s pour trouver le nombre de bus suffisant dans les plus brefs d\u00e9lais\u00a0\u00bb, indique le communiqu\u00e9.<\/p>\n<p>La direction d\u2019ALSA Al Baida pr\u00e9cise \u00ab\u00a0qu\u2019il n\u2019a jamais \u00e9t\u00e9 question d\u2019acheter des bus en dehors de l\u2019<strong>Union europ\u00e9enne<\/strong> et rassure les autorit\u00e9s et l\u2019opinion publique que tous les bus qui seront import\u00e9s et mis en service dans le cadre du contrat de gestion d\u00e9l\u00e9gu\u00e9e avec L\u2019Etablissement de coop\u00e9ration intercommunale (ECI) sont d\u2019origine europ\u00e9enne\u00a0\u00bb.<\/p>\n<p>ALSA confirme son engagement \u00e0 offrir aux Casablancais un transport urbain aux standards internationaux qui respecte l\u2019<strong>environnement<\/strong> et qui apporte sa contribution \u00e0 la fluidit\u00e9 des d\u00e9placements des citadins.<\/p>\n<div class=\"c17\">\n<fieldset class=\"c16\">\n<legend><strong><span class=\"c11\">Challenge<\/span><span class=\"c12\">news<\/span><\/strong><\/legend>\n<div class=\"c15\">Le meilleur de Challenge s\u00e9lectionn\u00e9 par la r\u00e9daction :<\/p>\n<\/div>\n<\/fieldset>\n<\/div>\n<p>Auteur: Hajar DARI<br \/>\n<a href=\"https:\/\/www.challenge.ma\/alsa-dementit-la-mise-en-service-de-bus-importes-hors-zone-europeenne-132165\/\">Cliquez ici pour lire l&rsquo;article depuis sa source.<\/a><\/p>\n","protected":false},"excerpt":{"rendered":"<p>La soci\u00e9t\u00e9 ALSA Al Baida a d\u00e9menti, dans un communiqu\u00e9 publi\u00e9 ce vendredi, les rumeurs concernant l\u2019acquisition de la flotte compl\u00e9mentaire \u00e0 la phase d\u2019initialisation et la mise en service de bus import\u00e9s hors de la zone europ\u00e9enne. En vue de rem\u00e9dier au grand risque de la continuit\u00e9 du service en raison de la v\u00e9tust\u00e9 [&hellip;]<\/p>\n","protected":false},"author":1787,"featured_media":0,"comment_status":"closed","ping_status":"closed","sticky":false,"template":"","format":"standard","meta":{"fifu_image_url":"","fifu_image_alt":"","footnotes":""},"categories":[78,54],"tags":[],"class_list":["post-78999","post","type-post","status-publish","format-standard","hentry","category-economie","category-maroc"],"_links":{"self":[{"href":"https:\/\/linitiative.ca\/International\/wp-json\/wp\/v2\/posts\/78999","targetHints":{"allow":["GET"]}}],"collection":[{"href":"https:\/\/linitiative.ca\/International\/wp-json\/wp\/v2\/posts"}],"about":[{"href":"https:\/\/linitiative.ca\/International\/wp-json\/wp\/v2\/types\/post"}],"author":[{"embeddable":true,"href":"https:\/\/linitiative.ca\/International\/wp-json\/wp\/v2\/users\/1787"}],"replies":[{"embeddable":true,"href":"https:\/\/linitiative.ca\/International\/wp-json\/wp\/v2\/comments?post=78999"}],"version-history":[{"count":0,"href":"https:\/\/linitiative.ca\/International\/wp-json\/wp\/v2\/posts\/78999\/revisions"}],"wp:attachment":[{"href":"https:\/\/linitiative.ca\/International\/wp-json\/wp\/v2\/media?parent=78999"}],"wp:term":[{"taxonomy":"category","embeddable":true,"href":"https:\/\/linitiative.ca\/International\/wp-json\/wp\/v2\/categories?post=78999"},{"taxonomy":"post_tag","embeddable":true,"href":"https:\/\/linitiative.ca\/International\/wp-json\/wp\/v2\/tags?post=78999"}],"curies":[{"name":"wp","href":"https:\/\/api.w.org\/{rel}","templated":true}]}}