{"id":79006,"date":"2020-03-13T16:26:26","date_gmt":"2020-03-13T20:26:26","guid":{"rendered":"https:\/\/linitiative.ca\/International\/tunisie-et-la-libye-monsieur-le-chef-du-gouvernement\/"},"modified":"2020-03-13T16:26:26","modified_gmt":"2020-03-13T20:26:26","slug":"tunisie-et-la-libye-monsieur-le-chef-du-gouvernement","status":"publish","type":"post","link":"https:\/\/linitiative.ca\/International\/tunisie-et-la-libye-monsieur-le-chef-du-gouvernement\/","title":{"rendered":"Tunisie \u2013 Et la Libye ?.. Monsieur le chef du gouvernement !"},"content":{"rendered":"<div class=\"post-cont-in left relative\">\n<p>Le chef du gouvernement tunisien, <a href=\"https:\/\/www.tunisienumerique.com\/tunisie-actualite\/elyes-fakhfakh\/\" title=\"Elyes Fakhfakh\" target=\"_top\" class=\"auto-link\" rel=\"noopener noreferrer\">Elyes Fakhfakh<\/a> a annonc\u00e9, ce vendredi soir, le passage \u00e0 la phase trois de la riposte \u00e0 l\u2019\u00e9pid\u00e9mie du <a href=\"https:\/\/www.tunisienumerique.com\/tunisie-actualite\/coronavirus\/\" title=\"coronavirus\" target=\"_top\" class=\"auto-link\" rel=\"noopener noreferrer\">coronavirus<\/a>. Ce passage implique la prise de plusieurs d\u00e9cisions, et la mise en place de nombreuses restrictions.<\/p>\n<div class=\"code-block code-block-1 c3\"><ins class=\"adsbygoogle c2\" data-ad-layout=\"in-article\" data-ad-format=\"fluid\" data-ad-client=\"ca-pub-2102118777505746\" data-ad-slot=\"7301775417\"\/> <\/div>\n<p>Parmi les dispositions prises par la Tunisie, Fakhfakh a d\u00e9taill\u00e9 la ma\u00eetrise des fronti\u00e8res du pays, pour essayer de freiner un tant soit peu l\u2019importation de nouveaux cas de maladie, en Tunisie.<\/p>\n<p>Fakhfakh a parl\u00e9 de la suspension de tout trafic maritime avec le reste du monde, et des restrictions plus ou moins importantes sur les liaisons a\u00e9riennes avec nombre de pays.<\/p>\n<p>Mais ce que Fakhfakh a omis de dire, ou, peut-\u00eatre lui a-t-on conseill\u00e9 d\u2019\u00e9viter le sujet, c\u2019est d\u2019\u00e9ventuelles dispositions prises \u00e0 l\u2019\u00e9gard des \u00e9changes et des transferts de personnes entre la Tunisie et sa voisine, la Libye.<\/p>\n<p>La Libye demeure, en effet, une zone \u00e0 tr\u00e8s haut risque, \u00e0 cause de l\u2019absence de l\u2019Etat, et \u00e0 cause de la destruction quasi-totale de l\u2019infrastructure sanitaire. En Libye, il semble qu\u2019il n\u2019y ait pas de tests virologiques, ni de strat\u00e9gie de pr\u00e9vention, \u00e0 proprement parler, car personne, au monde, n\u2019en a entendu parler.<\/p>\n<p>Toujours est-il que, devant le doute, et le flou qui qualifie la situation en Libye, le chef du gouvernement aurait, certainement, du annoncer des d\u00e9cisions par rapport aux fronti\u00e8res avec ce pays. Et, sinon, il ferait bien de les prendre le plus rapidement possible, pour \u00e9viter plus de perte de temps, et de courir des risques \u00e9vitables\u00a0!<\/p>\n<div class=\"swp_social_panel swp_horizontal_panel swp_flat_fresh swp_default_full_color swp_individual_full_color swp_other_full_color scale-100 scale-\" data-min-width=\"1100\" data-float-color=\"#ffffff\" data-float=\"bottom\" data-float-mobile=\"bottom\" data-transition=\"slide\">\n<div class=\"nc_tweetContainer swp_share_button total_shares total_sharesalt\"><span class=\"swp_count\">2 <span class=\"swp_label\">Partages<\/span><\/span><\/div>\n<\/div>\n<p><strong>Que se passe-t-il en Tunisie?<\/strong><br \/>Nous expliquons sur notre <a href=\"https:\/\/www.youtube.com\/channel\/UCRzypVq0B_yBad5eGrwBx0Q?sub_confirmation=1\" target=\"_blank\" rel=\"noopener noreferrer\">cha\u00eene YouTube<\/a> . <a href=\"https:\/\/www.youtube.com\/channel\/UCRzypVq0B_yBad5eGrwBx0Q?sub_confirmation=1\" target=\"_blank\" rel=\"noopener noreferrer\">Abonnez-vous!<\/a><\/p>\n<div class=\"mvp-org-wrap mvp-org-logo\" itemprop=\"publisher\" itemscope=\"\" itemtype=\"https:\/\/schema.org\/Organization\"><img decoding=\"async\" src=\"https:\/\/www.tunisienumerique.com\/wp-content\/uploads\/2017\/02\/logo_tunisie_numerique.png\"\/><\/div>\n<div class=\"mvp-related-posts left relative\">\n<h4 class=\"post-header\"><span class=\"post-header\">Lire aussi<\/span><\/h4>\n<\/div>\n<div id=\"article-ad\"><ins class=\"adsbygoogle c4\" data-ad-client=\"ca-pub-2102118777505746\" data-ad-slot=\"6513972734\" data-ad-format=\"auto\" data-full-width-responsive=\"true\"\/> <\/div>\n<\/div>\n<div id=\"post-sidebar-wrap\"><ins class=\"adsbygoogle c4\" data-ad-client=\"ca-pub-2102118777505746\" data-ad-slot=\"6168283410\" data-ad-format=\"auto\" data-full-width-responsive=\"true\"\/> <\/div>\n<p>Auteur: LM<br \/>\n<a href=\"https:\/\/www.tunisienumerique.com\/tunisie-et-la-libye-monsieur-le-chef-du-gouvernement\/\">Cliquez ici pour lire l&rsquo;article depuis sa source.<\/a><\/p>\n","protected":false},"excerpt":{"rendered":"<p>Le chef du gouvernement tunisien, Elyes Fakhfakh a annonc\u00e9, ce vendredi soir, le passage \u00e0 la phase trois de la riposte \u00e0 l\u2019\u00e9pid\u00e9mie du coronavirus. Ce passage implique la prise de plusieurs d\u00e9cisions, et la mise en place de nombreuses restrictions. Parmi les dispositions prises par la Tunisie, Fakhfakh a d\u00e9taill\u00e9 la ma\u00eetrise des fronti\u00e8res [&hellip;]<\/p>\n","protected":false},"author":1789,"featured_media":79007,"comment_status":"closed","ping_status":"closed","sticky":false,"template":"","format":"standard","meta":{"fifu_image_url":"","fifu_image_alt":"","footnotes":""},"categories":[73,55],"tags":[],"class_list":["post-79006","post","type-post","status-publish","format-standard","has-post-thumbnail","hentry","category-actualite","category-tunisie"],"_links":{"self":[{"href":"https:\/\/linitiative.ca\/International\/wp-json\/wp\/v2\/posts\/79006","targetHints":{"allow":["GET"]}}],"collection":[{"href":"https:\/\/linitiative.ca\/International\/wp-json\/wp\/v2\/posts"}],"about":[{"href":"https:\/\/linitiative.ca\/International\/wp-json\/wp\/v2\/types\/post"}],"author":[{"embeddable":true,"href":"https:\/\/linitiative.ca\/International\/wp-json\/wp\/v2\/users\/1789"}],"replies":[{"embeddable":true,"href":"https:\/\/linitiative.ca\/International\/wp-json\/wp\/v2\/comments?post=79006"}],"version-history":[{"count":0,"href":"https:\/\/linitiative.ca\/International\/wp-json\/wp\/v2\/posts\/79006\/revisions"}],"wp:featuredmedia":[{"embeddable":true,"href":"https:\/\/linitiative.ca\/International\/wp-json\/"}],"wp:attachment":[{"href":"https:\/\/linitiative.ca\/International\/wp-json\/wp\/v2\/media?parent=79006"}],"wp:term":[{"taxonomy":"category","embeddable":true,"href":"https:\/\/linitiative.ca\/International\/wp-json\/wp\/v2\/categories?post=79006"},{"taxonomy":"post_tag","embeddable":true,"href":"https:\/\/linitiative.ca\/International\/wp-json\/wp\/v2\/tags?post=79006"}],"curies":[{"name":"wp","href":"https:\/\/api.w.org\/{rel}","templated":true}]}}