{"id":79008,"date":"2020-03-13T17:11:51","date_gmt":"2020-03-13T21:11:51","guid":{"rendered":"https:\/\/linitiative.ca\/International\/tunisie-la-frenesie-des-achats-finira-t-elle-par-attiser-la-propagation-de-la-maladie\/"},"modified":"2020-03-13T17:11:51","modified_gmt":"2020-03-13T21:11:51","slug":"tunisie-la-frenesie-des-achats-finira-t-elle-par-attiser-la-propagation-de-la-maladie","status":"publish","type":"post","link":"https:\/\/linitiative.ca\/International\/tunisie-la-frenesie-des-achats-finira-t-elle-par-attiser-la-propagation-de-la-maladie\/","title":{"rendered":"Tunisie \u2013 La fr\u00e9n\u00e9sie des achats finira-t-elle par attiser la propagation de la maladie ?"},"content":{"rendered":"<div class=\"post-cont-in left relative\">\n<p>Depuis quelques jours, on ne voit plus que \u00e7\u00e0. Des femmes, des hommes sillonnant les rayons des supermarch\u00e9s, emportant tout ce qu\u2019ils trouvent. Tout y passe, les p\u00e2tes, l\u2019eau, les conserves, les fruits et l\u00e9gumes, le lait, le Yoghourt et, aussi, les moyens de protection qu\u2019ils peuvent bien trouver.<\/p>\n<div class=\"code-block code-block-1 c3\"><ins class=\"adsbygoogle c2\" data-ad-layout=\"in-article\" data-ad-format=\"fluid\" data-ad-client=\"ca-pub-2102118777505746\" data-ad-slot=\"7301775417\"\/> <\/div>\n<p>C\u2019est la razzia \u00e0 laquelle rien ne r\u00e9siste. Les citoyens s\u2019arrachent les quelques pains de savon qu\u2019ils trouvent sur les \u00e9talages, les flacons de gel d\u00e9sinfectant, \u00a0l\u2019eau de javel, les masques de protection\u2026<\/p>\n<p>Mais ce que ces individus ne savent, apparemment, pas, c\u2019est qu\u2019en se comportant de la sorte, ils privent les autres de tels produits. Or, pour \u00eatre couvert contre la maladie, il ne suffit pas de poss\u00e9der ces produits. L\u2019essentiel c\u2019est que les autres, aussi, en aient. Et surtout son entourage proche.<\/p>\n<p>Du coup, en se lan\u00e7ant dans la course aux achats des produits de protection, les tunisiens s\u2019exposent \u00e0 la maladie, bien plus qu\u2019ils ne s\u2019en prot\u00e8gent\u00a0!<\/p>\n<div class=\"swp_social_panel swp_horizontal_panel swp_flat_fresh swp_default_full_color swp_individual_full_color swp_other_full_color scale-100 scale-\" data-min-width=\"1100\" data-float-color=\"#ffffff\" data-float=\"bottom\" data-float-mobile=\"bottom\" data-transition=\"slide\">\n<div class=\"nc_tweetContainer swp_share_button total_shares total_sharesalt\"><span class=\"swp_count\">1 <span class=\"swp_label\">Partages<\/span><\/span><\/div>\n<\/div>\n<p><strong>Que se passe-t-il en Tunisie?<\/strong><br \/>Nous expliquons sur notre <a href=\"https:\/\/www.youtube.com\/channel\/UCRzypVq0B_yBad5eGrwBx0Q?sub_confirmation=1\" target=\"_blank\" rel=\"noopener noreferrer\">cha\u00eene YouTube<\/a> . <a href=\"https:\/\/www.youtube.com\/channel\/UCRzypVq0B_yBad5eGrwBx0Q?sub_confirmation=1\" target=\"_blank\" rel=\"noopener noreferrer\">Abonnez-vous!<\/a><\/p>\n<div class=\"mvp-org-wrap mvp-org-logo\" itemprop=\"publisher\" itemscope=\"\" itemtype=\"https:\/\/schema.org\/Organization\"><img decoding=\"async\" src=\"https:\/\/www.tunisienumerique.com\/wp-content\/uploads\/2017\/02\/logo_tunisie_numerique.png\"\/><\/div>\n<div class=\"mvp-related-posts left relative\">\n<h4 class=\"post-header\"><span class=\"post-header\">Lire aussi<\/span><\/h4>\n<\/div>\n<div id=\"article-ad\"><ins class=\"adsbygoogle c4\" data-ad-client=\"ca-pub-2102118777505746\" data-ad-slot=\"6513972734\" data-ad-format=\"auto\" data-full-width-responsive=\"true\"\/> <\/div>\n<\/div>\n<div id=\"post-sidebar-wrap\"><ins class=\"adsbygoogle c4\" data-ad-client=\"ca-pub-2102118777505746\" data-ad-slot=\"6168283410\" data-ad-format=\"auto\" data-full-width-responsive=\"true\"\/> <\/div>\n<p>Auteur: Saber .<br \/>\n<a href=\"https:\/\/www.tunisienumerique.com\/tunisie-la-frenesie-des-achats-finira-t-elle-par-attiser-la-propagation-de-la-maladie\/\">Cliquez ici pour lire l&rsquo;article depuis sa source.<\/a><\/p>\n","protected":false},"excerpt":{"rendered":"<p>Depuis quelques jours, on ne voit plus que \u00e7\u00e0. Des femmes, des hommes sillonnant les rayons des supermarch\u00e9s, emportant tout ce qu\u2019ils trouvent. Tout y passe, les p\u00e2tes, l\u2019eau, les conserves, les fruits et l\u00e9gumes, le lait, le Yoghourt et, aussi, les moyens de protection qu\u2019ils peuvent bien trouver. C\u2019est la razzia \u00e0 laquelle rien [&hellip;]<\/p>\n","protected":false},"author":1789,"featured_media":79009,"comment_status":"closed","ping_status":"closed","sticky":false,"template":"","format":"standard","meta":{"fifu_image_url":"","fifu_image_alt":"","footnotes":""},"categories":[73,55],"tags":[],"class_list":["post-79008","post","type-post","status-publish","format-standard","has-post-thumbnail","hentry","category-actualite","category-tunisie"],"_links":{"self":[{"href":"https:\/\/linitiative.ca\/International\/wp-json\/wp\/v2\/posts\/79008","targetHints":{"allow":["GET"]}}],"collection":[{"href":"https:\/\/linitiative.ca\/International\/wp-json\/wp\/v2\/posts"}],"about":[{"href":"https:\/\/linitiative.ca\/International\/wp-json\/wp\/v2\/types\/post"}],"author":[{"embeddable":true,"href":"https:\/\/linitiative.ca\/International\/wp-json\/wp\/v2\/users\/1789"}],"replies":[{"embeddable":true,"href":"https:\/\/linitiative.ca\/International\/wp-json\/wp\/v2\/comments?post=79008"}],"version-history":[{"count":0,"href":"https:\/\/linitiative.ca\/International\/wp-json\/wp\/v2\/posts\/79008\/revisions"}],"wp:featuredmedia":[{"embeddable":true,"href":"https:\/\/linitiative.ca\/International\/wp-json\/"}],"wp:attachment":[{"href":"https:\/\/linitiative.ca\/International\/wp-json\/wp\/v2\/media?parent=79008"}],"wp:term":[{"taxonomy":"category","embeddable":true,"href":"https:\/\/linitiative.ca\/International\/wp-json\/wp\/v2\/categories?post=79008"},{"taxonomy":"post_tag","embeddable":true,"href":"https:\/\/linitiative.ca\/International\/wp-json\/wp\/v2\/tags?post=79008"}],"curies":[{"name":"wp","href":"https:\/\/api.w.org\/{rel}","templated":true}]}}