{"id":79011,"date":"2020-03-13T09:57:05","date_gmt":"2020-03-13T13:57:05","guid":{"rendered":"https:\/\/linitiative.ca\/International\/direction-generale-de-la-poste-burkina-bamory-ouattara-pour-relever-les-defis\/"},"modified":"2020-03-13T09:57:05","modified_gmt":"2020-03-13T13:57:05","slug":"direction-generale-de-la-poste-burkina-bamory-ouattara-pour-relever-les-defis","status":"publish","type":"post","link":"https:\/\/linitiative.ca\/International\/direction-generale-de-la-poste-burkina-bamory-ouattara-pour-relever-les-defis\/","title":{"rendered":"Direction g\u00e9n\u00e9rale de la Poste Burkina: Bamory Ouattara pour relever les d\u00e9fis"},"content":{"rendered":"<div class=\"td-post-featured-image\"><a href=\"https:\/\/i0.wp.com\/www.sidwaya.info\/wp-content\/uploads\/2020\/03\/poste.jpg?fit=809%2C613&amp;ssl=1\" data-caption=\"\"><img loading=\"lazy\" decoding=\"async\" width=\"696\" height=\"527\" class=\"entry-thumb td-modal-image\" src=\"https:\/\/i0.wp.com\/www.sidwaya.info\/wp-content\/uploads\/2020\/03\/poste.jpg?resize=696,527&amp;ssl=1\" srcset=\"https:\/\/i0.wp.com\/www.sidwaya.info\/wp-content\/uploads\/2020\/03\/poste.jpg?w=809&amp;ssl=1 809w, https:\/\/i0.wp.com\/www.sidwaya.info\/wp-content\/uploads\/2020\/03\/poste.jpg?resize=300%2C227&amp;ssl=1 300w, https:\/\/i0.wp.com\/www.sidwaya.info\/wp-content\/uploads\/2020\/03\/poste.jpg?resize=768%2C582&amp;ssl=1 768w, https:\/\/i0.wp.com\/www.sidwaya.info\/wp-content\/uploads\/2020\/03\/poste.jpg?resize=696,527&amp;ssl=1 696w, https:\/\/i0.wp.com\/www.sidwaya.info\/wp-content\/uploads\/2020\/03\/poste.jpg?resize=554%2C420&amp;ssl=1 554w, https:\/\/i0.wp.com\/www.sidwaya.info\/wp-content\/uploads\/2020\/03\/poste.jpg?resize=80%2C60&amp;ssl=1 80w, https:\/\/i0.wp.com\/www.sidwaya.info\/wp-content\/uploads\/2020\/03\/poste.jpg?resize=600%2C455&amp;ssl=1 600w\" sizes=\"auto, (max-width: 696px) 100vw, 696px\" alt=\"\" title=\"poste\"\/><\/a><\/div>\n<p><strong>Nomm\u00e9 en conseil des ministres, le nouveau directeur g\u00e9n\u00e9ral de la Poste Burkina Faso, Bamory Ouattara a \u00e9t\u00e9 install\u00e9 dans ses fonctions le vendredi 13 mars 2020 \u00e0 Ouagadougou.<\/strong><\/p>\n<p>La Poste Burkina Faso a d\u00e9sormais un nouveau patron. Le directeur g\u00e9n\u00e9ral (DG) Bamory Ouattara, nouvellement nomm\u00e9 en conseil des ministres, a \u00e9t\u00e9 install\u00e9 le vendredi 13 mars 2020 \u00e0 Ouagadougou par le secr\u00e9taire g\u00e9n\u00e9ral du minist\u00e8re du D\u00e9veloppement de l\u2019\u00e9conomie num\u00e9rique et des Postes, Kisito Traor\u00e9. Ce dernier a exhort\u00e9 les agents postaux \u00e0 accompagner le DG entrant dans l\u2019\u00e9dification d\u2019une poste dynamique et concurrentielle. A la c\u00e9r\u00e9monie officielle de passation de service, le directeur entrant a indiqu\u00e9 qu\u2019il va placer son mandat sous le signe de la recherche de la performance, dans la r\u00e9alisation des missions de la poste au grand bonheur des populations et de la client\u00e8le de l\u2019institution. M. Ouattara entend \u00e9galement appuyer sur les leviers de la rationalisation des charges afin d\u2019augmenter le chiffre d\u2019affaires et engranger des b\u00e9n\u00e9fices pour l\u2019entreprise. Un processus qui, selon lui, ne sera possible sans la modernisation des outils de travail, une bonne gestion des ressources humaines \u00e0 travers le renforcement de capacit\u00e9s, des formations individuelles et collectives, la cr\u00e9ation de cadres de concertation etc. Une dynamique qui, selon le nouveau DG, va permettre \u00e0 tout le personnel postal de participer efficacement \u00e0 la vie de l\u2019entreprise. \u00ab\u00a0<em>Je viens avec un c\u0153ur ouvert et de bonnes intentions. A cet effet, j\u2019ai besoin de l\u2019accompagnement de tous<\/em>\u00a0\u00bb, a-t-il d\u00e9clar\u00e9. Aux partenaires sociaux de la poste, Bamory Ouattara a dit tendre la main et compte mettre en avant la communication et l\u2019esprit d\u2019\u00e9quipe pour r\u00e9ussir sa mission. \u00ab\u00a0<em>Je suis ouvert aux conseils de mes devanciers et des doyens. Je souhaite aussi que dans notre collaboration, nous fassions par moment des compromis afin d\u2019aller de l\u2019avant\u00a0<\/em>\u00bb, a fait savoir l\u2019ancien secr\u00e9taire g\u00e9n\u00e9ral de la Primature. Pour le directeur g\u00e9n\u00e9ral sortant Naby Issa Coulibaly, les trois ann\u00e9es pass\u00e9es \u00e0 la t\u00eate de l\u2019entreprise ont permis \u00e0 son \u00e9quipe d\u2019op\u00e9rer des avanc\u00e9es au niveau du management, de la connectivit\u00e9 au r\u00e9seau, du renforcement du contr\u00f4le interne, de la communication entre autres. Il a reconnu que le climat a \u00e9t\u00e9 d\u00e9l\u00e9t\u00e8re \u00e0 un moment donn\u00e9 mais, cela n\u2019a gu\u00e8re emp\u00each\u00e9 d\u2019atteindre des r\u00e9sultats. Au moment de passer le commandement, Naby Issa Coulibaly a dit avoir pardonn\u00e9 \u00e0 ceux qu\u2019il pense avoir offens\u00e9 et a aussi demand\u00e9 \u00e0 \u00eatre pardonn\u00e9. \u00ab\u00a0<em>J\u2019ai rendu mon potentiel pour le bien collectif dans les limites de mes pouvoirs. \u00a0J\u2019ai \u00e9norm\u00e9ment appris. Je pars tr\u00e8s enrichi en tout, et je reste confiant en l\u2019avenir de la poste<\/em>\u00a0\u00bb, a conclu M. Coulibaly.<\/p>\n<p><strong>Wanl\u00e9 G\u00e9rard COULIBALY<\/strong><\/p>\n<p><strong>\u00a0<\/strong><\/p>\n<div class=\"td-a-rec td-a-rec-id-content_bottom tdi_30_77f td_block_template_1\"><img loading=\"lazy\" decoding=\"async\" class=\"aligncenter size-full wp-image-9623\" src=\"https:\/\/www.sidwaya.info\/wp-content\/uploads\/2019\/06\/Projet-bannie\u0300re-Orange-mobile.jpg\" alt=\"\" width=\"728\" height=\"81\"\/><\/div>\n<p>Auteur: BS. Sidwaya<br \/>\n<a href=\"https:\/\/www.sidwaya.info\/blog\/2020\/03\/13\/direction-generale-de-la-poste-burkina-bamory-ouattara-pour-relever-les-defis\/\">Cliquez ici pour lire l&rsquo;article depuis sa source.<\/a><\/p>\n","protected":false},"excerpt":{"rendered":"<p>Nomm\u00e9 en conseil des ministres, le nouveau directeur g\u00e9n\u00e9ral de la Poste Burkina Faso, Bamory Ouattara a \u00e9t\u00e9 install\u00e9 dans ses fonctions le vendredi 13 mars 2020 \u00e0 Ouagadougou. La Poste Burkina Faso a d\u00e9sormais un nouveau patron. Le directeur g\u00e9n\u00e9ral (DG) Bamory Ouattara, nouvellement nomm\u00e9 en conseil des ministres, a \u00e9t\u00e9 install\u00e9 le vendredi [&hellip;]<\/p>\n","protected":false},"author":1816,"featured_media":0,"comment_status":"closed","ping_status":"closed","sticky":false,"template":"","format":"standard","meta":{"fifu_image_url":"","fifu_image_alt":"","footnotes":""},"categories":[73,81],"tags":[],"class_list":["post-79011","post","type-post","status-publish","format-standard","hentry","category-actualite","category-burkina-faso"],"_links":{"self":[{"href":"https:\/\/linitiative.ca\/International\/wp-json\/wp\/v2\/posts\/79011","targetHints":{"allow":["GET"]}}],"collection":[{"href":"https:\/\/linitiative.ca\/International\/wp-json\/wp\/v2\/posts"}],"about":[{"href":"https:\/\/linitiative.ca\/International\/wp-json\/wp\/v2\/types\/post"}],"author":[{"embeddable":true,"href":"https:\/\/linitiative.ca\/International\/wp-json\/wp\/v2\/users\/1816"}],"replies":[{"embeddable":true,"href":"https:\/\/linitiative.ca\/International\/wp-json\/wp\/v2\/comments?post=79011"}],"version-history":[{"count":0,"href":"https:\/\/linitiative.ca\/International\/wp-json\/wp\/v2\/posts\/79011\/revisions"}],"wp:attachment":[{"href":"https:\/\/linitiative.ca\/International\/wp-json\/wp\/v2\/media?parent=79011"}],"wp:term":[{"taxonomy":"category","embeddable":true,"href":"https:\/\/linitiative.ca\/International\/wp-json\/wp\/v2\/categories?post=79011"},{"taxonomy":"post_tag","embeddable":true,"href":"https:\/\/linitiative.ca\/International\/wp-json\/wp\/v2\/tags?post=79011"}],"curies":[{"name":"wp","href":"https:\/\/api.w.org\/{rel}","templated":true}]}}