{"id":79012,"date":"2020-03-13T14:18:10","date_gmt":"2020-03-13T18:18:10","guid":{"rendered":"https:\/\/linitiative.ca\/International\/le-ministere-de-leducation-nationale-fait-des-recommandations-aux-eleves-contre-le-coronavirus\/"},"modified":"2020-03-13T14:18:10","modified_gmt":"2020-03-13T18:18:10","slug":"le-ministere-de-leducation-nationale-fait-des-recommandations-aux-eleves-contre-le-coronavirus","status":"publish","type":"post","link":"https:\/\/linitiative.ca\/International\/le-ministere-de-leducation-nationale-fait-des-recommandations-aux-eleves-contre-le-coronavirus\/","title":{"rendered":"Le minist\u00e8re de l\u2019\u00e9ducation nationale fait des recommandations aux \u00e9l\u00e8ves contre le Coronavirus"},"content":{"rendered":"<div readability=\"32\">\n<p>Publi\u00e9 le 13.03.2020 \u00e0 19h18 par APA News<\/p>\n<\/div>\n<div readability=\"74\">\n<p>Le minist\u00e8re ivoirien de l\u2019Education, de l\u2019enseignement technique et de la formation professionnelle, a fait des recommandations \u00e0 l\u2019endroit des acteurs du syst\u00e8me \u00e9ducatif dont les \u00e9l\u00e8ves afin de pr\u00e9venir la maladie \u00e0 Coronavirus.Dans une note circulaire parvenue vendredi \u00e0 APA, ce d\u00e9partement minist\u00e9riel a fait une s\u00e9rie de recommandations aux gestionnaires des structures scolaires, aux \u00e9l\u00e8ves et aux \u00a0personnels r\u00e9sidant continuellement sur le territoire national.<\/p>\n<p>A l\u2019endroit des \u00e9l\u00e8ves, le minist\u00e8re leur a entre autres conseill\u00e9 de se laver fr\u00e9quemment les mains avec de l\u2019eau et du savon ou utiliser un \u00a0gel hydro-alcoolique, se couvrir la bouche et le nez avec un mouchoir pour tousser ou \u00e9ternuer et \u00e9viter tout contact \u00e9troit avec une personne souffrant de fi\u00e8vre, rhume et toux.<\/p>\n<p>\u00ab Ces mesures concernent les pratiques d\u2019hygi\u00e8ne au niveau individuel et les occasions de regroupement des personnes \u00bb, explique la note. Quant aux gestionnaires des structures scolaires, le minist\u00e8re a entre autres, demand\u00e9 de contribuer \u00e0 une large diffusion des supports de communication relatifs au Coronavirus dans les structures du secteur \u00e9ducation\/formation, le renforcement des capacit\u00e9s des acteurs (enseignants, apprenants\u2026) et l\u2019acquisition d\u2019un dispositif de lavage des mains dans les \u00e9coles.<\/p>\n<p>Mercredi dernier, le minist\u00e8re ivoirien de la sant\u00e9 et de l\u2019hygi\u00e8ne publique a annonc\u00e9 un cas confirm\u00e9 de Coronavirus en C\u00f4te d\u2019Ivoire. Ce dernier, un ivoirien de 45 ans qui a s\u00e9journ\u00e9 en Italie, est \u00e0 ce jour, dans un \u00e9tat de sant\u00e9 qui ne suscite \u00ab aucune inqui\u00e9tude\u00bb.<\/p>\n<p>Mieux, les 08 membres de sa famille qui avaient \u00e9t\u00e9 isol\u00e9s, ont \u00e9t\u00e9 test\u00e9s n\u00e9gatifs du Coronavirus apr\u00e8s les diff\u00e9rents examens. A ce jour en C\u00f4te d\u2019Ivoire, assurent les autorit\u00e9s sanitaires, aucun d\u00e9c\u00e8s n\u2019a \u00e9t\u00e9 enregistr\u00e9 en C\u00f4te d\u2019Ivoire d\u00fb au Coronavirus et aucun nouveau cas n\u2019a \u00e9t\u00e9 confirm\u00e9.<\/p>\n<\/div>\n<p>Auteur: APA News<br \/>\n<a href=\"https:\/\/www.journalducameroun.com\/le-ministere-de-leducation-nationale-fait-des-recommandations-aux-eleves-contre-le-coronavirus\/\">Cliquez ici pour lire l&rsquo;article depuis sa source.<\/a><\/p>\n","protected":false},"excerpt":{"rendered":"<p>Publi\u00e9 le 13.03.2020 \u00e0 19h18 par APA News Le minist\u00e8re ivoirien de l\u2019Education, de l\u2019enseignement technique et de la formation professionnelle, a fait des recommandations \u00e0 l\u2019endroit des acteurs du syst\u00e8me \u00e9ducatif dont les \u00e9l\u00e8ves afin de pr\u00e9venir la maladie \u00e0 Coronavirus.Dans une note circulaire parvenue vendredi \u00e0 APA, ce d\u00e9partement minist\u00e9riel a fait une [&hellip;]<\/p>\n","protected":false},"author":1965,"featured_media":0,"comment_status":"closed","ping_status":"closed","sticky":false,"template":"","format":"standard","meta":{"fifu_image_url":"","fifu_image_alt":"","footnotes":""},"categories":[73,82],"tags":[],"class_list":["post-79012","post","type-post","status-publish","format-standard","hentry","category-actualite","category-cameroun"],"_links":{"self":[{"href":"https:\/\/linitiative.ca\/International\/wp-json\/wp\/v2\/posts\/79012","targetHints":{"allow":["GET"]}}],"collection":[{"href":"https:\/\/linitiative.ca\/International\/wp-json\/wp\/v2\/posts"}],"about":[{"href":"https:\/\/linitiative.ca\/International\/wp-json\/wp\/v2\/types\/post"}],"author":[{"embeddable":true,"href":"https:\/\/linitiative.ca\/International\/wp-json\/wp\/v2\/users\/1965"}],"replies":[{"embeddable":true,"href":"https:\/\/linitiative.ca\/International\/wp-json\/wp\/v2\/comments?post=79012"}],"version-history":[{"count":0,"href":"https:\/\/linitiative.ca\/International\/wp-json\/wp\/v2\/posts\/79012\/revisions"}],"wp:attachment":[{"href":"https:\/\/linitiative.ca\/International\/wp-json\/wp\/v2\/media?parent=79012"}],"wp:term":[{"taxonomy":"category","embeddable":true,"href":"https:\/\/linitiative.ca\/International\/wp-json\/wp\/v2\/categories?post=79012"},{"taxonomy":"post_tag","embeddable":true,"href":"https:\/\/linitiative.ca\/International\/wp-json\/wp\/v2\/tags?post=79012"}],"curies":[{"name":"wp","href":"https:\/\/api.w.org\/{rel}","templated":true}]}}