{"id":79013,"date":"2020-03-13T16:18:03","date_gmt":"2020-03-13T20:18:03","guid":{"rendered":"https:\/\/linitiative.ca\/International\/cote-divoire-les-huit-proches-du-cas-confirme-de-coronavirus-declares-negatifs-ministere\/"},"modified":"2020-03-13T16:18:03","modified_gmt":"2020-03-13T20:18:03","slug":"cote-divoire-les-huit-proches-du-cas-confirme-de-coronavirus-declares-negatifs-ministere","status":"publish","type":"post","link":"https:\/\/linitiative.ca\/International\/cote-divoire-les-huit-proches-du-cas-confirme-de-coronavirus-declares-negatifs-ministere\/","title":{"rendered":"C\u00f4te d\u2019Ivoire: les huit proches du cas confirm\u00e9 de Coronavirus d\u00e9clar\u00e9s n\u00e9gatifs (Minist\u00e8re)"},"content":{"rendered":"<div readability=\"32\">\n<p>Publi\u00e9 le 13.03.2020 \u00e0 21h18 par APA News<\/p>\n<\/div>\n<div readability=\"84\">\n<p>Les huit proches de l\u2019ivoirien confirm\u00e9 malade du Coronavirus (Covid-19), qui avaient \u00e9t\u00e9 isol\u00e9s, ont \u00e9t\u00e9 d\u00e9clar\u00e9s n\u00e9gatifs aux diff\u00e9rents tests de cette maladie, a annonc\u00e9 vendredi \u00e0 Abidjan, le directeur g\u00e9n\u00e9ral de l\u2019Institut national d\u2019hygi\u00e8ne publique (INHP), Pr B\u00e9ni\u00e9 Bi Vroh.\u00ab Aucun cas confirm\u00e9 n\u2019a \u00e9t\u00e9 enregistr\u00e9 depuis le 11 mars 2020 \u00bb, a d\u00e9clar\u00e9 Pr B\u00e9ni\u00e9 Bi Vroh, faisant un point de la situation sur le Covid-19 (coronavirus) en C\u00f4te d\u2019Ivoire devant la presse. \u00ab A la date d\u2019aujourd\u2019hui, nous sommes \u00e0 aucun cas confirm\u00e9 et z\u00e9ro d\u00e9c\u00e8s \u00bb, a-t-il insist\u00e9.<\/p>\n<p>Le cas qui a \u00e9t\u00e9 confirm\u00e9 le 11 mars 2020 a \u00e9t\u00e9 rapidement pris en charge au Centre hospitalier et universitaire (CHU) de Treichville au service des maladies infectieuses et tropicales.<\/p>\n<p>\u00ab A ce jour 13 mars 2020, l\u2019\u00e9volution clinique du malade est satisfaisante et son \u00e9tat de sant\u00e9 ne n\u00e9cessite aucune inqui\u00e9tude \u00bb, a rassur\u00e9 le directeur g\u00e9n\u00e9ral de l\u2019Institut national d\u2019hygi\u00e8ne publique (INHP). \u00a0Un sujet de nationalit\u00e9 ivoirienne de sexe masculin \u00e2g\u00e9 de 45 ans qui a s\u00e9journ\u00e9 en Italie et qui a pr\u00e9sent\u00e9 une fi\u00e8vre, une toux et un rhume a \u00e9t\u00e9 test\u00e9 positif au coronavirus Covid-19 le 11 mars dernier.<\/p>\n<p>Selon Pr B\u00e9ni\u00e9 Bi Vroh, l\u2019analyse effectu\u00e9e par l\u2019Institut Pasteur de C\u00f4te d\u2019Ivoire (IPCI) des pr\u00e9l\u00e8vements r\u00e9alis\u00e9s chez les huit personnes proches du malade s\u2019est r\u00e9v\u00e9l\u00e9e n\u00e9gative du Covid-19.<\/p>\n<p>Les contacts du cas confirm\u00e9, au nombre de 29 personnes, notamment les membres de sa famille, les voisins proches dans l\u2019avion, les visiteurs, le personnel de sant\u00e9 font l\u2019objet d\u2019un suivi m\u00e9dical qui va s\u2019\u00e9tendre sur 14 jours.<\/p>\n<p>\u00ab Ils se portent bien et ne pr\u00e9sentent aucun signe \u00e9vocateur de la maladie \u00e0 coronavirus Covid-19 \u00bb a poursuivi Pr B\u00e9ni\u00e9 Bi Vroh, ajoutant que \u00abla surveillance \u00e9pid\u00e9miologique ainsi que le contr\u00f4le sanitaire \u00e0 toutes nos fronti\u00e8res ont \u00e9t\u00e9 renforc\u00e9s afin de d\u00e9tecter pr\u00e9cocement tout cas suspect\u00bb.<\/p>\n<p>\u00a0Les populations sont invit\u00e9es \u00e0 \u00abne pas c\u00e9der \u00e0 la panique\u00bb. Cette \u00e9pid\u00e9mie de pneumonie caus\u00e9e par un nouveau coronavirus, a \u00e9t\u00e9 d\u00e9tect\u00e9e en d\u00e9cembre 2019 \u00e0 Wuhan, en Chine. A ce jour, cette maladie qui s\u2019est r\u00e9pandue dans plusieurs pays du monde, a fait plus de 4500 morts et contamin\u00e9 plus de 120 000 personnes.<\/p>\n<\/div>\n<p>Auteur: APA News<br \/>\n<a href=\"https:\/\/www.journalducameroun.com\/cote-divoire-les-huit-proches-du-cas-confirme-de-coronavirus-declares-negatifs-ministere\/\">Cliquez ici pour lire l&rsquo;article depuis sa source.<\/a><\/p>\n","protected":false},"excerpt":{"rendered":"<p>Publi\u00e9 le 13.03.2020 \u00e0 21h18 par APA News Les huit proches de l\u2019ivoirien confirm\u00e9 malade du Coronavirus (Covid-19), qui avaient \u00e9t\u00e9 isol\u00e9s, ont \u00e9t\u00e9 d\u00e9clar\u00e9s n\u00e9gatifs aux diff\u00e9rents tests de cette maladie, a annonc\u00e9 vendredi \u00e0 Abidjan, le directeur g\u00e9n\u00e9ral de l\u2019Institut national d\u2019hygi\u00e8ne publique (INHP), Pr B\u00e9ni\u00e9 Bi Vroh.\u00ab Aucun cas confirm\u00e9 n\u2019a \u00e9t\u00e9 [&hellip;]<\/p>\n","protected":false},"author":1965,"featured_media":0,"comment_status":"closed","ping_status":"closed","sticky":false,"template":"","format":"standard","meta":{"fifu_image_url":"","fifu_image_alt":"","footnotes":""},"categories":[73,82],"tags":[],"class_list":["post-79013","post","type-post","status-publish","format-standard","hentry","category-actualite","category-cameroun"],"_links":{"self":[{"href":"https:\/\/linitiative.ca\/International\/wp-json\/wp\/v2\/posts\/79013","targetHints":{"allow":["GET"]}}],"collection":[{"href":"https:\/\/linitiative.ca\/International\/wp-json\/wp\/v2\/posts"}],"about":[{"href":"https:\/\/linitiative.ca\/International\/wp-json\/wp\/v2\/types\/post"}],"author":[{"embeddable":true,"href":"https:\/\/linitiative.ca\/International\/wp-json\/wp\/v2\/users\/1965"}],"replies":[{"embeddable":true,"href":"https:\/\/linitiative.ca\/International\/wp-json\/wp\/v2\/comments?post=79013"}],"version-history":[{"count":0,"href":"https:\/\/linitiative.ca\/International\/wp-json\/wp\/v2\/posts\/79013\/revisions"}],"wp:attachment":[{"href":"https:\/\/linitiative.ca\/International\/wp-json\/wp\/v2\/media?parent=79013"}],"wp:term":[{"taxonomy":"category","embeddable":true,"href":"https:\/\/linitiative.ca\/International\/wp-json\/wp\/v2\/categories?post=79013"},{"taxonomy":"post_tag","embeddable":true,"href":"https:\/\/linitiative.ca\/International\/wp-json\/wp\/v2\/tags?post=79013"}],"curies":[{"name":"wp","href":"https:\/\/api.w.org\/{rel}","templated":true}]}}