{"id":79014,"date":"2020-03-13T16:18:07","date_gmt":"2020-03-13T20:18:07","guid":{"rendered":"https:\/\/linitiative.ca\/International\/cote-divoire-un-tunisien-condamne-a-24-mois-de-prison-ferme-pour-avoir-gifle-un-policier\/"},"modified":"2020-03-13T16:18:07","modified_gmt":"2020-03-13T20:18:07","slug":"cote-divoire-un-tunisien-condamne-a-24-mois-de-prison-ferme-pour-avoir-gifle-un-policier","status":"publish","type":"post","link":"https:\/\/linitiative.ca\/International\/cote-divoire-un-tunisien-condamne-a-24-mois-de-prison-ferme-pour-avoir-gifle-un-policier\/","title":{"rendered":"C\u00f4te d\u2019Ivoire: un Tunisien condamn\u00e9 \u00e0 24 mois de prison ferme pour avoir gifl\u00e9 un policier"},"content":{"rendered":"<div readability=\"32\">\n<p>Publi\u00e9 le 13.03.2020 \u00e0 21h18 par APA News<\/p>\n<\/div>\n<div readability=\"55\">\n<p>Un individu de nationalit\u00e9 tunisienne qui avait gifl\u00e9 fin f\u00e9vrier dernier un policier ivoirien dans l\u2019exercice de ses fonctions, a \u00e9t\u00e9 condamn\u00e9 vendredi par le Tribunal de premi\u00e8re instance d\u2019Abidjan \u00e0 24 mois de prison et une 300 000 FCFA et de 100 000 FCFA pour dommages et int\u00e9r\u00eats, a appris APA de source polici\u00e8re.\u00ab Au terme du proc\u00e8s qui a eu lieu ce jour au Tribunal de premi\u00e8re instance du Plateau, le Tunisien a \u00e9t\u00e9 condamn\u00e9 \u00e0 24 mois de prison ferme et d\u2019une amende de 300 000 FCFA et de 100 000 FCFA pour dommages et int\u00e9r\u00eats\u00bb, a annonc\u00e9 la direction g\u00e9n\u00e9rale de la police nationale ivoirienne dans une note d\u2019information.\u00a0<\/p>\n<p>Le mis en cause, pr\u00e9cise la note, a \u00e9t\u00e9 jug\u00e9 pour exc\u00e8s de vitesse, mise en danger de la vie d\u2019autrui, violence et voie de fait sur des agents dans l\u2019exercice de leur fonction, coups et blessures volontaires ayant entra\u00een\u00e9 une incapacit\u00e9 temporaire de travail de cinq jours.<\/p>\n<p>Fin f\u00e9vrier dernier, un ressortissant tunisien a agress\u00e9 \u00e0 la suite d\u2019une altercation un agent de la police ivoirienne dans l\u2019exercice de ses fonctions, \u00e0 Abidjan, la capitale \u00e9conomique ivoirienne.<\/p>\n<\/div>\n<p>Auteur: APA News<br \/>\n<a href=\"https:\/\/www.journalducameroun.com\/cote-divoire-un-tunisien-condamne-a-24-mois-de-prison-ferme-pour-avoir-gifle-un-policier\/\">Cliquez ici pour lire l&rsquo;article depuis sa source.<\/a><\/p>\n","protected":false},"excerpt":{"rendered":"<p>Publi\u00e9 le 13.03.2020 \u00e0 21h18 par APA News Un individu de nationalit\u00e9 tunisienne qui avait gifl\u00e9 fin f\u00e9vrier dernier un policier ivoirien dans l\u2019exercice de ses fonctions, a \u00e9t\u00e9 condamn\u00e9 vendredi par le Tribunal de premi\u00e8re instance d\u2019Abidjan \u00e0 24 mois de prison et une 300 000 FCFA et de 100 000 FCFA pour dommages [&hellip;]<\/p>\n","protected":false},"author":1965,"featured_media":0,"comment_status":"closed","ping_status":"closed","sticky":false,"template":"","format":"standard","meta":{"fifu_image_url":"","fifu_image_alt":"","footnotes":""},"categories":[73,82],"tags":[],"class_list":["post-79014","post","type-post","status-publish","format-standard","hentry","category-actualite","category-cameroun"],"_links":{"self":[{"href":"https:\/\/linitiative.ca\/International\/wp-json\/wp\/v2\/posts\/79014","targetHints":{"allow":["GET"]}}],"collection":[{"href":"https:\/\/linitiative.ca\/International\/wp-json\/wp\/v2\/posts"}],"about":[{"href":"https:\/\/linitiative.ca\/International\/wp-json\/wp\/v2\/types\/post"}],"author":[{"embeddable":true,"href":"https:\/\/linitiative.ca\/International\/wp-json\/wp\/v2\/users\/1965"}],"replies":[{"embeddable":true,"href":"https:\/\/linitiative.ca\/International\/wp-json\/wp\/v2\/comments?post=79014"}],"version-history":[{"count":0,"href":"https:\/\/linitiative.ca\/International\/wp-json\/wp\/v2\/posts\/79014\/revisions"}],"wp:attachment":[{"href":"https:\/\/linitiative.ca\/International\/wp-json\/wp\/v2\/media?parent=79014"}],"wp:term":[{"taxonomy":"category","embeddable":true,"href":"https:\/\/linitiative.ca\/International\/wp-json\/wp\/v2\/categories?post=79014"},{"taxonomy":"post_tag","embeddable":true,"href":"https:\/\/linitiative.ca\/International\/wp-json\/wp\/v2\/tags?post=79014"}],"curies":[{"name":"wp","href":"https:\/\/api.w.org\/{rel}","templated":true}]}}