{"id":79015,"date":"2020-03-13T16:18:09","date_gmt":"2020-03-13T20:18:09","guid":{"rendered":"https:\/\/linitiative.ca\/International\/les-femmes-representent-26-du-personnel-de-laviation-civile-en-cote-divoire-association\/"},"modified":"2020-03-13T16:18:09","modified_gmt":"2020-03-13T20:18:09","slug":"les-femmes-representent-26-du-personnel-de-laviation-civile-en-cote-divoire-association","status":"publish","type":"post","link":"https:\/\/linitiative.ca\/International\/les-femmes-representent-26-du-personnel-de-laviation-civile-en-cote-divoire-association\/","title":{"rendered":"Les femmes repr\u00e9sentent 26% du personnel de l\u2019aviation civile en C\u00f4te d\u2019Ivoire (Association)"},"content":{"rendered":"<div readability=\"32\">\n<p>Publi\u00e9 le 13.03.2020 \u00e0 21h18 par APA News<\/p>\n<\/div>\n<div readability=\"95\">\n<p>Les femmes repr\u00e9sentent 26% du personnel de l\u2019aviation civile en C\u00f4te d\u2019Ivoire, soit 708 personnes sur un effectif total de 2678 salari\u00e9s.L\u2019information a \u00e9t\u00e9 donn\u00e9e vendredi \u00e0 Abidjan par Esther Bene-Hoana, la pr\u00e9sidente de \u00a0l\u2019Union des femmes de l\u2019aviation civile de C\u00f4te d\u2019Ivoire (UFACI), une association des femmes employ\u00e9es dans le secteur de l\u2019aviation civile du pays.<\/p>\n<p>\u00a0\u00ab Dans notre pays, les femmes repr\u00e9sentent 26% du personnel de l\u2019aviation civile. Elles sont 708 sur un effectif total de 2678 salari\u00e9s du secteur\u00bb, a fait savoir Mme Bene-Hoana qui s\u2019exprimait lors d\u2019une c\u00e9r\u00e9monie de lancement de son association.<\/p>\n<p>Poursuivant, elle a dit l\u2019engagement de son organisation \u00e0 mettre en place un programme d\u2019actions et d\u2019activit\u00e9s destin\u00e9 \u00e0 am\u00e9liorer le statut et la repr\u00e9sentativit\u00e9 des femmes \u00e0 tous les postes du secteur de l\u2019aviation civile et \u00e0 accro\u00eetre les opportunit\u00e9s de mobilit\u00e9 et d\u2019\u00e9volution de carri\u00e8re de celles-ci dans ce secteur.<\/p>\n<p>Enum\u00e9rant les grandes lignes de ce programme, la pr\u00e9sidente de l\u2019UFACI a soulign\u00e9 qu\u2019il s\u2019agira entre autres de, \u00a0 favoriser l\u2019accessibilit\u00e9 aux formations dans les m\u00e9tiers de l\u2019aviation pour les femmes des diff\u00e9rentes \u00a0structures du secteur.<\/p>\n<p>Cette Union ambitionne \u00e9galement de nouer des partenariats strat\u00e9giques qui permettront l\u2019acc\u00e8s \u00e0 des formations de haut niveau. L\u2019organisation p\u00e9riodique de conf\u00e9rences et des journ\u00e9es carri\u00e8res dans les \u00e9tablissements scolaires de jeunes filles et dans le milieu universitaire sur le territoire national, figure \u00e9galement sur la liste des actions \u00e0 mener.<\/p>\n<p>Mme Bene-Hoana a conclu en appelant \u00e0 un \u00abengagement fort et d\u00e9termin\u00e9\u00bb de l\u2019Etat et de l\u2019industrie a\u00e9ronautique \u00e0 \u0153uvrer en faveur de la parit\u00e9 homme-femme dans le secteur de l\u2019aviation civile. A ce jour, la C\u00f4te d\u2019Ivoire compte une femme pilote et trois femmes stagiaires pilotes.<\/p>\n<p>A ce propos, le ministre des Eaux et for\u00eats, Alain Richard Donwahi, a relev\u00e9 l\u2019importance de la place que le pr\u00e9sident Alassane Ouattara accorde \u00a0\u00e0 l\u2019autonomisation de la femme \u00e0 travers notamment la mise en place des fonds d\u2019aide \u00e0 la femme. Le cadre l\u00e9gislatif est \u00e9galement favorable \u00e0 cette parit\u00e9 homme-femme.<\/p>\n<p>De son c\u00f4t\u00e9, Hamed Diomand\u00e9, directeur de cabinet du ministre des transports, a salu\u00e9 cette \u00abbelle initiative\u00bb de l\u2019UFACI, rappelant que cette ann\u00e9e le Prix d\u2019excellence du minist\u00e8re des transports a \u00e9t\u00e9 d\u00e9cern\u00e9 \u00e0 deux femmes.<\/p>\n<p>A son tour, le G\u00e9n\u00e9ral Abdoulaye Coulibaly, Pr\u00e9sident du Conseil d\u2019administration d\u2019Air C\u00f4te d\u2019Ivoire, la compagnie a\u00e9rienne nationale a rappel\u00e9 l\u2019histoire de l\u2019\u00e9volution de la femme au sein de l\u2019administration ivoirienne, citant Jeanne Gervais, la premi\u00e8re femme \u00e0 \u00eatre ministre en C\u00f4te d\u2019Ivoire en 1976, sous le pr\u00e9sident F\u00e9lix Houphou\u00ebt-Boigny.<\/p>\n<\/div>\n<p>Auteur: APA News<br \/>\n<a href=\"https:\/\/www.journalducameroun.com\/les-femmes-representent-26-du-personnel-de-laviation-civile-en-cote-divoire-association\/\">Cliquez ici pour lire l&rsquo;article depuis sa source.<\/a><\/p>\n","protected":false},"excerpt":{"rendered":"<p>Publi\u00e9 le 13.03.2020 \u00e0 21h18 par APA News Les femmes repr\u00e9sentent 26% du personnel de l\u2019aviation civile en C\u00f4te d\u2019Ivoire, soit 708 personnes sur un effectif total de 2678 salari\u00e9s.L\u2019information a \u00e9t\u00e9 donn\u00e9e vendredi \u00e0 Abidjan par Esther Bene-Hoana, la pr\u00e9sidente de \u00a0l\u2019Union des femmes de l\u2019aviation civile de C\u00f4te d\u2019Ivoire (UFACI), une association des [&hellip;]<\/p>\n","protected":false},"author":1965,"featured_media":0,"comment_status":"closed","ping_status":"closed","sticky":false,"template":"","format":"standard","meta":{"fifu_image_url":"","fifu_image_alt":"","footnotes":""},"categories":[73,82],"tags":[],"class_list":["post-79015","post","type-post","status-publish","format-standard","hentry","category-actualite","category-cameroun"],"_links":{"self":[{"href":"https:\/\/linitiative.ca\/International\/wp-json\/wp\/v2\/posts\/79015","targetHints":{"allow":["GET"]}}],"collection":[{"href":"https:\/\/linitiative.ca\/International\/wp-json\/wp\/v2\/posts"}],"about":[{"href":"https:\/\/linitiative.ca\/International\/wp-json\/wp\/v2\/types\/post"}],"author":[{"embeddable":true,"href":"https:\/\/linitiative.ca\/International\/wp-json\/wp\/v2\/users\/1965"}],"replies":[{"embeddable":true,"href":"https:\/\/linitiative.ca\/International\/wp-json\/wp\/v2\/comments?post=79015"}],"version-history":[{"count":0,"href":"https:\/\/linitiative.ca\/International\/wp-json\/wp\/v2\/posts\/79015\/revisions"}],"wp:attachment":[{"href":"https:\/\/linitiative.ca\/International\/wp-json\/wp\/v2\/media?parent=79015"}],"wp:term":[{"taxonomy":"category","embeddable":true,"href":"https:\/\/linitiative.ca\/International\/wp-json\/wp\/v2\/categories?post=79015"},{"taxonomy":"post_tag","embeddable":true,"href":"https:\/\/linitiative.ca\/International\/wp-json\/wp\/v2\/tags?post=79015"}],"curies":[{"name":"wp","href":"https:\/\/api.w.org\/{rel}","templated":true}]}}