{"id":79016,"date":"2020-03-13T17:18:03","date_gmt":"2020-03-13T21:18:03","guid":{"rendered":"https:\/\/linitiative.ca\/International\/lancement-a-abidjan-de-la-2e-edition-du-prix-africain-de-developpement\/"},"modified":"2020-03-13T17:18:03","modified_gmt":"2020-03-13T21:18:03","slug":"lancement-a-abidjan-de-la-2e-edition-du-prix-africain-de-developpement","status":"publish","type":"post","link":"https:\/\/linitiative.ca\/International\/lancement-a-abidjan-de-la-2e-edition-du-prix-africain-de-developpement\/","title":{"rendered":"Lancement \u00e0 Abidjan de la 2\u00e8 \u00e9dition du Prix africain de d\u00e9veloppement"},"content":{"rendered":"<div readability=\"32\">\n<p>Publi\u00e9 le 13.03.2020 \u00e0 22h18 par APA News<\/p>\n<\/div>\n<div readability=\"121\">\n<p>Le Pr\u00e9sident du Conseil d\u2019administration d\u2019ISP Communication, Ben Kader Kourouma, a lanc\u00e9 vendredi \u00e0 Abidjan, la 2\u00e8 \u00e9dition du Prix africain de d\u00e9veloppement (PAD 2020), une distinction visant \u00e0 promouvoir les actions de d\u00e9veloppement des Africains ou des institutions sur le continent, tant dans le secteur priv\u00e9 que public.Selon M. Kourouma, ce prix \u00abest une c\u00e9r\u00e9monie de distinction des acteurs de d\u00e9veloppement de l\u2019Afrique \u00bb. La liste des nomin\u00e9s pour l\u2019\u00e9dition 2020, d\u00e9j\u00e0 remise aux experts dans chaque pays o\u00f9 IPS Communication est repr\u00e9sent\u00e9, sera connue le 15 avril 2020.<\/p>\n<p>Pour cette deuxi\u00e8me \u00e9dition du Prix africain de d\u00e9veloppement, le th\u00e8me retenu est : \u00ab Le d\u00e9veloppement de l\u2019Afrique, oui, nous y sommes\u00bb. La c\u00e9r\u00e9monie de remise des prix est pr\u00e9vue le vendredi 15 mai 2020, \u00e0 Abidjan.<\/p>\n<p>Les pays participants cette ann\u00e9e, dira-t-il, sont huit contre cinq l\u2019ann\u00e9e pr\u00e9c\u00e9dente. Sont attendus des laur\u00e9ats de la C\u00f4te d\u2019Ivoire, de la Guin\u00e9e, de la Sierra L\u00e9one, du B\u00e9nin, du S\u00e9n\u00e9gal, du Burkina Faso et du Mali. Le Canada \u00e9tant le pays invit\u00e9 d\u2019honneur.\u00a0<\/p>\n<p>L\u2019objectif de cette distinction \u00ab est de d\u00e9nicher les acteurs de d\u00e9veloppement de nos pays africains \u00bb, a mentionn\u00e9 M. Ben Kourouma. Pour un choix judicieux, ADCOM, structure sp\u00e9cialis\u00e9e en sondage, proc\u00e8de \u00e0 partir de la liste des laur\u00e9ats un sondage dont l\u2019indice de notation s\u2019\u00e9tend sur 100.<\/p>\n<p>Dans chaque cat\u00e9gorie, \u00ab entre 3 et 5 personnes \u00bb sont nomin\u00e9es pour ce prix. L\u2019innovation cette ann\u00e9e, pour le PCA de IPS COM, Ben Kourouma, c\u2019est le soutien du Canada qui accompagne ces awards autour du th\u00e8me : \u00ab Le d\u00e9veloppement de l\u2019Afrique, oui nous y sommes \u00bb.<\/p>\n<p>L\u2019ann\u00e9e pr\u00e9c\u00e9dente, 39 prix ont \u00e9t\u00e9 d\u00e9cern\u00e9s aux laur\u00e9ats. Pour l\u2019\u00e9dition 2020 entre \u00ab 40 et 50 prix \u00bb devraient \u00eatre attribu\u00e9s aux personnes ayant entrepris des actions fortes de d\u00e9veloppement sur le continent africain.\u00a0<\/p>\n<p>Le Prix africain de d\u00e9veloppement (PAD) est la version internationale d\u2019une distinction locale. L\u2019initiative est n\u00e9e en 2014 et ne concernait seulement que les actions de d\u00e9veloppement en C\u00f4te d\u2019 Ivoire. Elle a connu cinq \u00e9ditions avant de se muer en 2019 au PAD.\u00a0<\/p>\n<p>Le Maroc devrait accueillir l\u2019\u00e9dition 2021. La C\u00f4te d\u2019Ivoire, elle, d\u00e9tient aujourd\u2019hui le super Prix de l\u2019Afrique symbole du troph\u00e9e continentale, attribu\u00e9 \u00e0 Lancin\u00e9 Diaby, directeur g\u00e9n\u00e9ral du Fonds d\u2019entretien routier (FER).\u00a0<\/p>\n<p>La C\u00f4te d\u2019Ivoire a, en outre, obtenu \u00e0 l\u2019occasion de la premi\u00e8re \u00e9dition du PAD, le Grand Chelem avec le Prix Alassane Ouattara pour la bonne gouvernance, attribu\u00e9 \u00e0 Youssouf Ouattara, le directeur g\u00e9n\u00e9ral de l\u2019Agence de gestion et de d\u00e9veloppement des infrastructures industrielles (AGEDI).<\/p>\n<p>La C\u00f4te d\u2019Ivoire s\u2019est aussi octroy\u00e9e le troisi\u00e8me grand prix, le Super prix diamant Amadou Gon Coulibaly, portant le nom du Premier ministre ivoirien, enlev\u00e9 par le commandant Antoine Bally des douanes.<\/p>\n<p>En 2021, le Maroc devrait accueillir la prochaine \u00e9dition. A ce jour, plus de 600 acteurs de diff\u00e9rents domaines ayant entrepris des actions de d\u00e9veloppement qui ont impact\u00e9 la soci\u00e9t\u00e9 et font leurs preuves sur le terrain, ont \u00e9t\u00e9 prim\u00e9s.<\/p>\n<\/div>\n<p>Auteur: APA News<br \/>\n<a href=\"https:\/\/www.journalducameroun.com\/lancement-a-abidjan-de-la-2e-edition-du-prix-africain-de-developpement\/\">Cliquez ici pour lire l&rsquo;article depuis sa source.<\/a><\/p>\n","protected":false},"excerpt":{"rendered":"<p>Publi\u00e9 le 13.03.2020 \u00e0 22h18 par APA News Le Pr\u00e9sident du Conseil d\u2019administration d\u2019ISP Communication, Ben Kader Kourouma, a lanc\u00e9 vendredi \u00e0 Abidjan, la 2\u00e8 \u00e9dition du Prix africain de d\u00e9veloppement (PAD 2020), une distinction visant \u00e0 promouvoir les actions de d\u00e9veloppement des Africains ou des institutions sur le continent, tant dans le secteur priv\u00e9 [&hellip;]<\/p>\n","protected":false},"author":1965,"featured_media":0,"comment_status":"closed","ping_status":"closed","sticky":false,"template":"","format":"standard","meta":{"fifu_image_url":"","fifu_image_alt":"","footnotes":""},"categories":[73,82],"tags":[],"class_list":["post-79016","post","type-post","status-publish","format-standard","hentry","category-actualite","category-cameroun"],"_links":{"self":[{"href":"https:\/\/linitiative.ca\/International\/wp-json\/wp\/v2\/posts\/79016","targetHints":{"allow":["GET"]}}],"collection":[{"href":"https:\/\/linitiative.ca\/International\/wp-json\/wp\/v2\/posts"}],"about":[{"href":"https:\/\/linitiative.ca\/International\/wp-json\/wp\/v2\/types\/post"}],"author":[{"embeddable":true,"href":"https:\/\/linitiative.ca\/International\/wp-json\/wp\/v2\/users\/1965"}],"replies":[{"embeddable":true,"href":"https:\/\/linitiative.ca\/International\/wp-json\/wp\/v2\/comments?post=79016"}],"version-history":[{"count":0,"href":"https:\/\/linitiative.ca\/International\/wp-json\/wp\/v2\/posts\/79016\/revisions"}],"wp:attachment":[{"href":"https:\/\/linitiative.ca\/International\/wp-json\/wp\/v2\/media?parent=79016"}],"wp:term":[{"taxonomy":"category","embeddable":true,"href":"https:\/\/linitiative.ca\/International\/wp-json\/wp\/v2\/categories?post=79016"},{"taxonomy":"post_tag","embeddable":true,"href":"https:\/\/linitiative.ca\/International\/wp-json\/wp\/v2\/tags?post=79016"}],"curies":[{"name":"wp","href":"https:\/\/api.w.org\/{rel}","templated":true}]}}