{"id":79018,"date":"2020-03-14T03:08:26","date_gmt":"2020-03-14T07:08:26","guid":{"rendered":"https:\/\/linitiative.ca\/International\/el-jadida-un-violeur-dune-mineure-condamne-a-1-an-de-prison\/"},"modified":"2020-03-14T03:08:26","modified_gmt":"2020-03-14T07:08:26","slug":"el-jadida-un-violeur-dune-mineure-condamne-a-1-an-de-prison","status":"publish","type":"post","link":"https:\/\/linitiative.ca\/International\/el-jadida-un-violeur-dune-mineure-condamne-a-1-an-de-prison\/","title":{"rendered":"El Jadida : Un violeur d\u2019une mineure condamn\u00e9 \u00e0 1 an de prison !"},"content":{"rendered":"<header>\n<\/header>\n<div class=\"entry-content clearfix\" readability=\"50\"><img decoding=\"async\" class=\"post_layout_5_img\" src=\"http:\/\/aujourdhui.ma\/wp-content\/uploads\/2020\/01\/Viol.jpg?x29840\" alt=\"El Jadida : Un violeur d&#x2019;une mineure condamn&#xE9; &#xE0; 1 an de prison !\"\/><\/p>\n<p class=\"p1\"><span class=\"c4\"><strong>La chambre criminelle pr\u00e8s la Cour d\u2019appel d\u2019El Jadida a rendu son verdict contre un jeune homme qui a \u00e9t\u00e9 jug\u00e9 coupable pour kidnapping et attentat \u00e0 la pudeur sur une mineure en le condamnant \u00e0 un an de prison ferme.<\/strong><\/span><span id=\"more-336690\"\/><\/p>\n<p class=\"p1\">Un verdict jug\u00e9 cl\u00e9ment par la fille. Cette derni\u00e8re n\u2019a pas ni\u00e9 avoir entretenu une relation avec ce jeune homme, mais elle a affirm\u00e9 qu\u2019elle s\u2019est retrouv\u00e9e entre les mains d\u2019un monstre qui l\u2019obligeait, sous la menace d\u2019armes blanches, \u00e0 partager le m\u00eame lit avec lui et son ami.<\/p>\n<p class=\"p1\">Si elle refusait de leur c\u00e9der ils la maltraitaient violemment. Ne supportant plus le calvaire qu\u2019elle endurait, elle a fini par r\u00e9v\u00e9ler le secret \u00e0 sa m\u00e8re.<\/p>\n<p class=\"p1\">Une plainte a \u00e9t\u00e9 port\u00e9e contre les deux violeurs dont l\u2019un a pris la fuite. Le second a \u00e9t\u00e9 arr\u00eat\u00e9 mais il a ni\u00e9 avoir jamais viol\u00e9 cette mineure pr\u00e9cisant qu\u2019ils entretenaient une relation amoureuse.<\/p>\n<\/div>\n<p>Auteur: Abderrafii ALOUMLIKI<br \/>\n<a href=\"http:\/\/aujourdhui.ma\/faits-divers\/el-jadida-un-violeur-dune-mineure-condamne-a-1-an-de-prison\">Cliquez ici pour lire l&rsquo;article depuis sa source.<\/a><\/p>\n","protected":false},"excerpt":{"rendered":"<p>La chambre criminelle pr\u00e8s la Cour d\u2019appel d\u2019El Jadida a rendu son verdict contre un jeune homme qui a \u00e9t\u00e9 jug\u00e9 coupable pour kidnapping et attentat \u00e0 la pudeur sur une mineure en le condamnant \u00e0 un an de prison ferme. Un verdict jug\u00e9 cl\u00e9ment par la fille. Cette derni\u00e8re n\u2019a pas ni\u00e9 avoir entretenu [&hellip;]<\/p>\n","protected":false},"author":1759,"featured_media":0,"comment_status":"closed","ping_status":"closed","sticky":false,"template":"","format":"standard","meta":{"fifu_image_url":"","fifu_image_alt":"","footnotes":""},"categories":[73,54],"tags":[],"class_list":["post-79018","post","type-post","status-publish","format-standard","hentry","category-actualite","category-maroc"],"_links":{"self":[{"href":"https:\/\/linitiative.ca\/International\/wp-json\/wp\/v2\/posts\/79018","targetHints":{"allow":["GET"]}}],"collection":[{"href":"https:\/\/linitiative.ca\/International\/wp-json\/wp\/v2\/posts"}],"about":[{"href":"https:\/\/linitiative.ca\/International\/wp-json\/wp\/v2\/types\/post"}],"author":[{"embeddable":true,"href":"https:\/\/linitiative.ca\/International\/wp-json\/wp\/v2\/users\/1759"}],"replies":[{"embeddable":true,"href":"https:\/\/linitiative.ca\/International\/wp-json\/wp\/v2\/comments?post=79018"}],"version-history":[{"count":0,"href":"https:\/\/linitiative.ca\/International\/wp-json\/wp\/v2\/posts\/79018\/revisions"}],"wp:attachment":[{"href":"https:\/\/linitiative.ca\/International\/wp-json\/wp\/v2\/media?parent=79018"}],"wp:term":[{"taxonomy":"category","embeddable":true,"href":"https:\/\/linitiative.ca\/International\/wp-json\/wp\/v2\/categories?post=79018"},{"taxonomy":"post_tag","embeddable":true,"href":"https:\/\/linitiative.ca\/International\/wp-json\/wp\/v2\/tags?post=79018"}],"curies":[{"name":"wp","href":"https:\/\/api.w.org\/{rel}","templated":true}]}}