{"id":79020,"date":"2020-03-14T03:12:48","date_gmt":"2020-03-14T07:12:48","guid":{"rendered":"https:\/\/linitiative.ca\/International\/lelegance-du-noir-chez-rachida-jnaini\/"},"modified":"2020-03-14T03:12:48","modified_gmt":"2020-03-14T07:12:48","slug":"lelegance-du-noir-chez-rachida-jnaini","status":"publish","type":"post","link":"https:\/\/linitiative.ca\/International\/lelegance-du-noir-chez-rachida-jnaini\/","title":{"rendered":"L\u2019\u00e9l\u00e9gance du noir chez  Rachida Jnaini"},"content":{"rendered":"<p><img decoding=\"async\" class=\"post_layout_5_img\" src=\"http:\/\/aujourdhui.ma\/wp-content\/uploads\/2020\/03\/Rachida-Jnaini-exposition.jpg?x29840\" alt=\"L&#x2019;&#xE9;l&#xE9;gance du noir chez Rachida Jnaini\"\/><\/p>\n<p class=\"p1\"><span class=\"c4\"><strong><em>L\u2019artiste expose jusqu\u2019au 17 mars \u00e0 Rabat<\/em><\/strong><\/span><span id=\"more-336654\"\/><\/p>\n<p class=\"p1\"><span class=\"s1\">L\u2019artiste-peintre marocaine Rachida Jnaini prend part \u00e0 une exposition collective qui se poursuit jusqu\u2019au 17 mars \u00e0 la Biblioth\u00e8que nationale du Royaume du Maroc \u00e0 Rabat. Cet \u00e9v\u00e9nement, initi\u00e9 par l\u2019Union nationale des femmes du Maroc et ses partenaires, a valu \u00e0 cette structure la participation \u00e0 la c\u00e9l\u00e9bration de la journ\u00e9e de la femme \u00e0 Marrakech en pr\u00e9sence de SAR la Princesse Lalla Meryem.<\/span><\/p>\n<p class=\"p1\"><span class=\"s1\">Dans cette exposition, Rachida Jnaini pr\u00e9sente une toile meubl\u00e9e d\u2019une femme \u00abtriste\u00bb jouant du violon tout en \u00abfermant les yeux\u00bb. <em>\u00abC\u2019est pour exprimer la souffrance autour de la situation de la femme au Maroc\u00bb<\/em>. Ce sentiment douloureux est \u00e9galement exprim\u00e9 par l\u2019artiste, \u00e2g\u00e9e d\u2019une cinquantaine d\u2019ann\u00e9es, en recourant \u00e0 la couleur noire dans ses \u0153uvres. <em>\u00abCe n\u2019est pas fait expr\u00e8s. Ce ton convient dans les toiles. Dans mon travail, je me retrouve avec cette couleur avec d\u2019autres\u00bb.<\/em> Ainsi, le noir serait, selon ses dires, un \u00abchoix\u00bb. Pour elle, le noir exprime aussi un certain \u00abvide\u00bb. <em>\u00abCette couleur est \u00e9l\u00e9gante. Je la trouve jolie sur mes toiles\u00bb<\/em>, encha\u00eene l\u2019artiste qui fait un peu dans tous les styles et se dit \u00abautodidacte\u00bb. <em>\u00abDepuis mon enfance, je r\u00eavais de faire de l\u2019art que je n\u2019ai pas \u00e9tudi\u00e9 et qui est ma passion\u00bb<\/em>, remonte-t-elle le temps. \u00ab<em>Sur mon parcours, je peux dire avec certitude que l\u2019art a toujours fait partie de ma vie. A travers mes peintures, je porte des valeurs fondamentales telles que la libert\u00e9 d\u2019expression, la libert\u00e9 de la cr\u00e9ation artis<\/em><\/span><em>tique. La peinture contemporaine abstraite constitue ma plus grande activit\u00e9\u00bb,<\/em> ajoute l\u2019artiste, \u00e9galement informaticienne.<span class=\"Apple-converted-space\">\u00a0<\/span><\/p>\n<p class=\"p1\"><span class=\"Apple-converted-space\"><a href=\"http:\/\/aujourdhui.ma\/wp-content\/uploads\/2020\/03\/Rachida-Jnaini-exposition-.jpg?x29840\"><img loading=\"lazy\" decoding=\"async\" class=\"size-full wp-image-336665 aligncenter\" src=\"http:\/\/aujourdhui.ma\/wp-content\/uploads\/2020\/03\/Rachida-Jnaini-exposition-.jpg?x29840\" alt=\"\" width=\"746\" height=\"380\" srcset=\"http:\/\/aujourdhui.ma\/wp-content\/uploads\/2020\/03\/Rachida-Jnaini-exposition-.jpg 746w, http:\/\/aujourdhui.ma\/wp-content\/uploads\/2020\/03\/Rachida-Jnaini-exposition--300x153.jpg 300w\" sizes=\"auto, (max-width: 746px) 100vw, 746px\"\/><\/a>\u00a0<\/span><\/p>\n<p class=\"p1\">A propos de sa renomm\u00e9e, elle pr\u00e9cise ne pas faire cette qu\u00eate. Elle avance avoir des id\u00e9es enfouies dans son \u00e2me. <em>\u00abLa renomm\u00e9e ne m\u2019int\u00e9resse pas, elle n\u2019a aucune valeur par rapport au ressenti sur mon travail. J\u2019esp\u00e8re que mon travail sera parlant. Je cherche toujours ma voie et \u00e0 faire une chose inexistante\u00bb,<\/em> exalte l\u2019artiste qui a expos\u00e9 ses \u0153uvres au Maroc et \u00e0 l\u2019\u00e9tranger.<\/p>\n<p class=\"p1\">Entre-temps, l\u2019artiste-peintre donne gracieusement des cours de peinture dans des \u00e9coles et maisons de jeunesse. Dans ce sens, elle donne l\u2019exemple de l\u2019\u00e9cole primaire Ahmed Cherkaoui qu\u2019elle fr\u00e9quente les mercredis apr\u00e8s-midi \u00e0 cet effet. <em>\u00abLes responsables de cette \u00e9cole offrent gratuitement de la peinture aux \u00e9l\u00e8ves\u00bb,<\/em> pr\u00e9cise-t-elle. De quoi passionner les enfants d\u00e8s leur bas \u00e2ge \u00e0 une discipline procurant un<span class=\"Apple-converted-space\">\u00a0<\/span> \u00e9panouissement et un d\u00e9veloppement de leur personnalit\u00e9 pour l\u2019avenir. Louable.<\/p>\n<p>Auteur: Salima Guisser<br \/>\n<a href=\"http:\/\/aujourdhui.ma\/culture\/lelegance-du-noir-chez-rachida-jnaini\">Cliquez ici pour lire l&rsquo;article depuis sa source.<\/a><\/p>\n","protected":false},"excerpt":{"rendered":"<p>L\u2019artiste expose jusqu\u2019au 17 mars \u00e0 Rabat L\u2019artiste-peintre marocaine Rachida Jnaini prend part \u00e0 une exposition collective qui se poursuit jusqu\u2019au 17 mars \u00e0 la Biblioth\u00e8que nationale du Royaume du Maroc \u00e0 Rabat. Cet \u00e9v\u00e9nement, initi\u00e9 par l\u2019Union nationale des femmes du Maroc et ses partenaires, a valu \u00e0 cette structure la participation \u00e0 la [&hellip;]<\/p>\n","protected":false},"author":1759,"featured_media":0,"comment_status":"closed","ping_status":"closed","sticky":false,"template":"","format":"standard","meta":{"fifu_image_url":"","fifu_image_alt":"","footnotes":""},"categories":[73,54],"tags":[],"class_list":["post-79020","post","type-post","status-publish","format-standard","hentry","category-actualite","category-maroc"],"_links":{"self":[{"href":"https:\/\/linitiative.ca\/International\/wp-json\/wp\/v2\/posts\/79020","targetHints":{"allow":["GET"]}}],"collection":[{"href":"https:\/\/linitiative.ca\/International\/wp-json\/wp\/v2\/posts"}],"about":[{"href":"https:\/\/linitiative.ca\/International\/wp-json\/wp\/v2\/types\/post"}],"author":[{"embeddable":true,"href":"https:\/\/linitiative.ca\/International\/wp-json\/wp\/v2\/users\/1759"}],"replies":[{"embeddable":true,"href":"https:\/\/linitiative.ca\/International\/wp-json\/wp\/v2\/comments?post=79020"}],"version-history":[{"count":0,"href":"https:\/\/linitiative.ca\/International\/wp-json\/wp\/v2\/posts\/79020\/revisions"}],"wp:attachment":[{"href":"https:\/\/linitiative.ca\/International\/wp-json\/wp\/v2\/media?parent=79020"}],"wp:term":[{"taxonomy":"category","embeddable":true,"href":"https:\/\/linitiative.ca\/International\/wp-json\/wp\/v2\/categories?post=79020"},{"taxonomy":"post_tag","embeddable":true,"href":"https:\/\/linitiative.ca\/International\/wp-json\/wp\/v2\/tags?post=79020"}],"curies":[{"name":"wp","href":"https:\/\/api.w.org\/{rel}","templated":true}]}}