{"id":79021,"date":"2020-03-14T10:08:30","date_gmt":"2020-03-14T14:08:30","guid":{"rendered":"https:\/\/linitiative.ca\/International\/coronavirus-9-nouveaux-cas-confirmes-au-maroc\/"},"modified":"2020-03-14T10:08:30","modified_gmt":"2020-03-14T14:08:30","slug":"coronavirus-9-nouveaux-cas-confirmes-au-maroc","status":"publish","type":"post","link":"https:\/\/linitiative.ca\/International\/coronavirus-9-nouveaux-cas-confirmes-au-maroc\/","title":{"rendered":"Coronavirus : 9 nouveaux cas confirm\u00e9s au Maroc"},"content":{"rendered":"<header>\n<\/header>\n<div class=\"entry-content clearfix\" readability=\"63\"><img decoding=\"async\" class=\"post_layout_5_img\" src=\"http:\/\/aujourdhui.ma\/wp-content\/uploads\/2020\/03\/Coronavirus-1.jpg?x29840\" alt=\"Coronavirus : 9 nouveaux cas confirm&#xE9;s au Maroc\"\/><\/p>\n<p><span class=\"c4\"><strong>Neuf nouveaux cas confirm\u00e9s de contamination au nouveau coronavirus (Covid-19) ont \u00e9t\u00e9 enregistr\u00e9 au Maroc portant \u00e0 17 le nombre total de cas confirm\u00e9 au Royaume, annonce samedi\u00a0 le minist\u00e8re de la Sant\u00e9.<\/strong><\/span><span id=\"more-336730\"\/><\/p>\n<p>Il s\u2019agit de huit immigr\u00e9s marocains \u00e9tablis en Espagne (4 cas), en Italie (3 cas) et en France (1 cas), qui sont entr\u00e9s au Maroc entre le 24 f\u00e9vrier et le 12 mars 2020 dans les villes suivantes: T\u00e9touan, Rabat, Casablanca, F\u00e8s et Khouribga, pr\u00e9cise le minist\u00e8re dans un communiqu\u00e9.<\/p>\n<p>Un seul cas a \u00e9t\u00e9 enregistr\u00e9 au Maroc \u00e0 travers ses contacts avec une autre personne contamin\u00e9e en provenance de l\u2019\u00e9tranger, dont l\u2019infection avait \u00e9t\u00e9 confirm\u00e9e pr\u00e9c\u00e9demment et qui se trouve toujours sous traitement, ajoute la m\u00eame source.<\/p>\n<p>Les neuf cas ont \u00e9t\u00e9 diagnostiqu\u00e9s par des \u00e9quipes m\u00e9dicales sp\u00e9cialis\u00e9es suivant les proc\u00e9dures en vigueur pour la r\u00e9alisation des analyses au Centre national de la grippe et des virus respiratoires, relevant de l\u2019Institut national d\u2019hygi\u00e8ne \u00e0 Rabat, et \u00e0 l\u2019institut Pasteur-Maroc de Casablanca, rel\u00e8ve le minist\u00e8re, notant qu\u2019ils ont \u00e9t\u00e9 pris en charge conform\u00e9ment aux mesures sanitaires en vigueur.<\/p>\n<p>Le minist\u00e8re indique que l\u2019\u00e9tat de sant\u00e9 de tous les cas confirm\u00e9s est stable et ne suscite pas d\u2019inqui\u00e9tudes.<\/p>\n<\/div>\n<p>Auteur: MAP<br \/>\n<a href=\"http:\/\/aujourdhui.ma\/societe\/coronavirus-9-nouveaux-cas-confirmes-au-maroc\">Cliquez ici pour lire l&rsquo;article depuis sa source.<\/a><\/p>\n","protected":false},"excerpt":{"rendered":"<p>Neuf nouveaux cas confirm\u00e9s de contamination au nouveau coronavirus (Covid-19) ont \u00e9t\u00e9 enregistr\u00e9 au Maroc portant \u00e0 17 le nombre total de cas confirm\u00e9 au Royaume, annonce samedi\u00a0 le minist\u00e8re de la Sant\u00e9. Il s\u2019agit de huit immigr\u00e9s marocains \u00e9tablis en Espagne (4 cas), en Italie (3 cas) et en France (1 cas), qui sont [&hellip;]<\/p>\n","protected":false},"author":1759,"featured_media":0,"comment_status":"closed","ping_status":"closed","sticky":false,"template":"","format":"standard","meta":{"fifu_image_url":"","fifu_image_alt":"","footnotes":""},"categories":[73,54],"tags":[],"class_list":["post-79021","post","type-post","status-publish","format-standard","hentry","category-actualite","category-maroc"],"_links":{"self":[{"href":"https:\/\/linitiative.ca\/International\/wp-json\/wp\/v2\/posts\/79021","targetHints":{"allow":["GET"]}}],"collection":[{"href":"https:\/\/linitiative.ca\/International\/wp-json\/wp\/v2\/posts"}],"about":[{"href":"https:\/\/linitiative.ca\/International\/wp-json\/wp\/v2\/types\/post"}],"author":[{"embeddable":true,"href":"https:\/\/linitiative.ca\/International\/wp-json\/wp\/v2\/users\/1759"}],"replies":[{"embeddable":true,"href":"https:\/\/linitiative.ca\/International\/wp-json\/wp\/v2\/comments?post=79021"}],"version-history":[{"count":0,"href":"https:\/\/linitiative.ca\/International\/wp-json\/wp\/v2\/posts\/79021\/revisions"}],"wp:attachment":[{"href":"https:\/\/linitiative.ca\/International\/wp-json\/wp\/v2\/media?parent=79021"}],"wp:term":[{"taxonomy":"category","embeddable":true,"href":"https:\/\/linitiative.ca\/International\/wp-json\/wp\/v2\/categories?post=79021"},{"taxonomy":"post_tag","embeddable":true,"href":"https:\/\/linitiative.ca\/International\/wp-json\/wp\/v2\/tags?post=79021"}],"curies":[{"name":"wp","href":"https:\/\/api.w.org\/{rel}","templated":true}]}}