{"id":79022,"date":"2020-03-14T12:34:23","date_gmt":"2020-03-14T16:34:23","guid":{"rendered":"https:\/\/linitiative.ca\/International\/covid-19-lapparition-du-cluster-une-question-de-temps\/"},"modified":"2020-03-14T12:34:23","modified_gmt":"2020-03-14T16:34:23","slug":"covid-19-lapparition-du-cluster-une-question-de-temps","status":"publish","type":"post","link":"https:\/\/linitiative.ca\/International\/covid-19-lapparition-du-cluster-une-question-de-temps\/","title":{"rendered":"Covid-19 : L\u2019apparition du cluster, \u00ab une question de temps \u00bb"},"content":{"rendered":"<p>Face au nouveau bilan du Covid-19 en Tunisie port\u00e9 \u00e0 13 cas, l\u2019apparition d\u2019un cluster (foyer de contamination) devient une question de temps, a d\u00e9clar\u00e9 jeudi le directeur g\u00e9n\u00e9ral de la sant\u00e9 de base, Chokri Hammouda.<\/p>\n<p>Il a fait observer que la Tunisie ne fera pas exception, pr\u00e9cisant que des foyers de contamination ont \u00e9t\u00e9 d\u00e9couverts dans tous les pays ayant enregistr\u00e9 des cas d\u2019infection par le coronavirus.<\/p>\n<p>Il a fait savoir que son d\u00e9partement a revu \u00e0 la hausse le nombre de cas soumis au test du coronavirus, apr\u00e8s la d\u00e9couverte des six nouveaux cas, faisant savoir que le nombre de pr\u00e9l\u00e8vement est pass\u00e9 de 20 (durant les premiers jours d\u2019apparition du patient z\u00e9ro, soit le 2 mars) \u00e0 72 cas actuellement.<\/p>\n<p>Et d\u2019ajouter que le minist\u00e8re de la Sant\u00e9 a d\u00e9cid\u00e9 de g\u00e9n\u00e9raliser la proc\u00e9dure d\u2019auto-isolement sanitaire (14 jours) aux voyageurs en provenance de tous les pays europ\u00e9ens, indiquant que cette d\u00e9cision vise \u00e0 pr\u00e9venir tout risque de contamination au Covid-19.<\/p>\n<div class=\"wp-post-author-wrap wp-post-author-shortcode left\">\n<h3 class=\"awpa-title\"\/>\n<div class=\"wp-post-author\">\n<div class=\"awpa-img awpa-author-block square\"><a href=\"http:\/\/lexpertjournal.net\/fr\/?author=5\"><img loading=\"lazy\" decoding=\"async\" alt=\"\" src=\"http:\/\/0.gravatar.com\/avatar\/97f8e10a1c1125ba104a76514ee07b16?s=150&amp;d=mm&amp;r=g\" srcset=\"http:\/\/0.gravatar.com\/avatar\/97f8e10a1c1125ba104a76514ee07b16?s=300&amp;d=mm&amp;r=g 2x\" class=\"avatar avatar-150 photo\" height=\"150\" width=\"150\"\/><\/a><\/div>\n<\/div>\n<\/div>\n<aside class=\"mashsb-container mashsb-main mashsb-stretched\">\n<\/aside>\n<p>Auteur: L&rsquo;expert<br \/>\n<a href=\"http:\/\/lexpertjournal.net\/fr\/?p=13023\">Cliquez ici pour lire l&rsquo;article depuis sa source.<\/a><\/p>\n","protected":false},"excerpt":{"rendered":"<p>Face au nouveau bilan du Covid-19 en Tunisie port\u00e9 \u00e0 13 cas, l\u2019apparition d\u2019un cluster (foyer de contamination) devient une question de temps, a d\u00e9clar\u00e9 jeudi le directeur g\u00e9n\u00e9ral de la sant\u00e9 de base, Chokri Hammouda. Il a fait observer que la Tunisie ne fera pas exception, pr\u00e9cisant que des foyers de contamination ont \u00e9t\u00e9 [&hellip;]<\/p>\n","protected":false},"author":1775,"featured_media":0,"comment_status":"closed","ping_status":"closed","sticky":false,"template":"","format":"standard","meta":{"fifu_image_url":"","fifu_image_alt":"","footnotes":""},"categories":[78,55],"tags":[],"class_list":["post-79022","post","type-post","status-publish","format-standard","hentry","category-economie","category-tunisie"],"_links":{"self":[{"href":"https:\/\/linitiative.ca\/International\/wp-json\/wp\/v2\/posts\/79022","targetHints":{"allow":["GET"]}}],"collection":[{"href":"https:\/\/linitiative.ca\/International\/wp-json\/wp\/v2\/posts"}],"about":[{"href":"https:\/\/linitiative.ca\/International\/wp-json\/wp\/v2\/types\/post"}],"author":[{"embeddable":true,"href":"https:\/\/linitiative.ca\/International\/wp-json\/wp\/v2\/users\/1775"}],"replies":[{"embeddable":true,"href":"https:\/\/linitiative.ca\/International\/wp-json\/wp\/v2\/comments?post=79022"}],"version-history":[{"count":0,"href":"https:\/\/linitiative.ca\/International\/wp-json\/wp\/v2\/posts\/79022\/revisions"}],"wp:attachment":[{"href":"https:\/\/linitiative.ca\/International\/wp-json\/wp\/v2\/media?parent=79022"}],"wp:term":[{"taxonomy":"category","embeddable":true,"href":"https:\/\/linitiative.ca\/International\/wp-json\/wp\/v2\/categories?post=79022"},{"taxonomy":"post_tag","embeddable":true,"href":"https:\/\/linitiative.ca\/International\/wp-json\/wp\/v2\/tags?post=79022"}],"curies":[{"name":"wp","href":"https:\/\/api.w.org\/{rel}","templated":true}]}}