{"id":79026,"date":"2020-03-14T11:00:00","date_gmt":"2020-03-14T15:00:00","guid":{"rendered":"https:\/\/linitiative.ca\/International\/repression-policiere-et-violentes-arrestations-a-alger-video\/"},"modified":"2020-03-14T11:00:00","modified_gmt":"2020-03-14T15:00:00","slug":"repression-policiere-et-violentes-arrestations-a-alger-video","status":"publish","type":"post","link":"https:\/\/linitiative.ca\/International\/repression-policiere-et-violentes-arrestations-a-alger-video\/","title":{"rendered":"R\u00e9pression polici\u00e8re et violentes arrestations \u00e0 Alger [Vid\u00e9o]"},"content":{"rendered":"<div id=\"originalText\" readability=\"42\">\n<p class=\"c6\">L&rsquo;\u00e9pid\u00e9mie de coronavirus ne d\u00e9courage les citoyens qui ont march\u00e9 ce samedi \u00e0 Alger, en r\u00e9ponse \u00e0 l\u2019appel des manifestants du 56e vendredi. Peu avant 14 heures, la police avait proc\u00e9d\u00e9 \u00e0 plusieurs interpellations.<\/p>\n<p><iframe loading=\"lazy\" allowfullscreen=\"true\" allowtransparency=\"true\" frameborder=\"0\" height=\"311\" scrolling=\"no\" src=\"https:\/\/www.facebook.com\/plugins\/video.php?href=https%3A%2F%2Fwww.facebook.com%2FJournaLiberteOfficiel%2Fvideos%2F1680865872061492%2F&amp;show_text=0&amp;width=560\" class=\"c7\" width=\"560\">[embedded content]<\/iframe><\/p>\n<p class=\"c6\">\u00a0Le rassemblement a aussit\u00f4t \u00e9t\u00e9 r\u00e9prim\u00e9 par les forces de l\u2019ordre d\u00e9ploy\u00e9s, et qui guettaient le moindre rassemblement \u00e0 la Place Audin, la rue Didouche Mourad, et la rue Victor Hugo.<\/p>\n<p class=\"c8\"><strong>R\u00e9daction Web<\/strong><\/p>\n<\/div>\n<div id=\"text_core\" readability=\"42\">\n<p class=\"c6\">L&rsquo;\u00e9pid\u00e9mie de coronavirus ne d\u00e9courage les citoyens qui ont march\u00e9 ce samedi \u00e0 Alger, en r\u00e9ponse \u00e0 l\u2019appel des manifestants du 56e vendredi. Peu avant 14 heures, la police avait proc\u00e9d\u00e9 \u00e0 plusieurs interpellations.<\/p>\n<p><iframe loading=\"lazy\" allowfullscreen=\"true\" allowtransparency=\"true\" frameborder=\"0\" height=\"311\" scrolling=\"no\" src=\"https:\/\/www.facebook.com\/plugins\/video.php?href=https%3A%2F%2Fwww.facebook.com%2FJournaLiberteOfficiel%2Fvideos%2F1680865872061492%2F&amp;show_text=0&amp;width=560\" class=\"c7\" width=\"560\">[embedded content]<\/iframe><\/p>\n<p class=\"c6\">\u00a0Le rassemblement a aussit\u00f4t \u00e9t\u00e9 r\u00e9prim\u00e9 par les forces de l\u2019ordre d\u00e9ploy\u00e9s, et qui guettaient le moindre rassemblement \u00e0 la Place Audin, la rue Didouche Mourad, et la rue Victor Hugo.<\/p>\n<p class=\"c8\"><strong>R\u00e9daction Web<\/strong><\/p>\n<\/div>\n<p>Auteur:<br \/>\n<a href=\"https:\/\/www.liberte-algerie.com\/actualite\/repression-policiere-et-violentes-arrestations-a-alger-video-335841\">Cliquez ici pour lire l&rsquo;article depuis sa source.<\/a><\/p>\n","protected":false},"excerpt":{"rendered":"<p>L&rsquo;\u00e9pid\u00e9mie de coronavirus ne d\u00e9courage les citoyens qui ont march\u00e9 ce samedi \u00e0 Alger, en r\u00e9ponse \u00e0 l\u2019appel des manifestants du 56e vendredi. Peu avant 14 heures, la police avait proc\u00e9d\u00e9 \u00e0 plusieurs interpellations. [embedded content] \u00a0Le rassemblement a aussit\u00f4t \u00e9t\u00e9 r\u00e9prim\u00e9 par les forces de l\u2019ordre d\u00e9ploy\u00e9s, et qui guettaient le moindre rassemblement \u00e0 [&hellip;]<\/p>\n","protected":false},"author":1742,"featured_media":0,"comment_status":"closed","ping_status":"closed","sticky":false,"template":"","format":"standard","meta":{"fifu_image_url":"","fifu_image_alt":"","footnotes":""},"categories":[73,53],"tags":[],"class_list":["post-79026","post","type-post","status-publish","format-standard","hentry","category-actualite","category-algerie"],"_links":{"self":[{"href":"https:\/\/linitiative.ca\/International\/wp-json\/wp\/v2\/posts\/79026","targetHints":{"allow":["GET"]}}],"collection":[{"href":"https:\/\/linitiative.ca\/International\/wp-json\/wp\/v2\/posts"}],"about":[{"href":"https:\/\/linitiative.ca\/International\/wp-json\/wp\/v2\/types\/post"}],"author":[{"embeddable":true,"href":"https:\/\/linitiative.ca\/International\/wp-json\/wp\/v2\/users\/1742"}],"replies":[{"embeddable":true,"href":"https:\/\/linitiative.ca\/International\/wp-json\/wp\/v2\/comments?post=79026"}],"version-history":[{"count":0,"href":"https:\/\/linitiative.ca\/International\/wp-json\/wp\/v2\/posts\/79026\/revisions"}],"wp:attachment":[{"href":"https:\/\/linitiative.ca\/International\/wp-json\/wp\/v2\/media?parent=79026"}],"wp:term":[{"taxonomy":"category","embeddable":true,"href":"https:\/\/linitiative.ca\/International\/wp-json\/wp\/v2\/categories?post=79026"},{"taxonomy":"post_tag","embeddable":true,"href":"https:\/\/linitiative.ca\/International\/wp-json\/wp\/v2\/tags?post=79026"}],"curies":[{"name":"wp","href":"https:\/\/api.w.org\/{rel}","templated":true}]}}