{"id":79029,"date":"2020-03-14T03:39:52","date_gmt":"2020-03-14T07:39:52","guid":{"rendered":"https:\/\/linitiative.ca\/International\/campagne-de-sensibilisation-et-de-prevention-contre-le-coronavirus\/"},"modified":"2020-03-14T03:39:52","modified_gmt":"2020-03-14T07:39:52","slug":"campagne-de-sensibilisation-et-de-prevention-contre-le-coronavirus","status":"publish","type":"post","link":"https:\/\/linitiative.ca\/International\/campagne-de-sensibilisation-et-de-prevention-contre-le-coronavirus\/","title":{"rendered":"Campagne de sensibilisation et de pr\u00e9vention contre le coronavirus"},"content":{"rendered":"<div readability=\"36\">\n<p>Safi- La d\u00e9l\u00e9gation provinciale de la sant\u00e9 \u00e0 Safi a organis\u00e9, vendredi dans la cit\u00e9 de l\u2019oc\u00e9an, une campagne de sensibilisation et de pr\u00e9vention contre le coronavirus au profit de plusieurs membres d\u2019associations et acteurs de la soci\u00e9t\u00e9 civile.<\/p>\n<\/div>\n<div readability=\"90\">\n<p>A cette occasion, les b\u00e9n\u00e9ficiaires de cette initiative ont pris connaissance des modes de transmission du COVID-19, des sympt\u00f4mes li\u00e9s \u00e0 l\u2019infection par ce virus, avec un focus sur les consignes et mesures pr\u00e9ventives adopt\u00e9es par le minist\u00e8re de la sant\u00e9 en vue d\u2019\u00e9viter la contamination par cette \u00e9pid\u00e9mie et sa propagation, notamment la n\u00e9cessit\u00e9 de promouvoir les r\u00e8gles d\u2019hygi\u00e8ne et de propret\u00e9 et d\u2019\u00e9viter les espaces et endroits surpeupl\u00e9s.<\/p>\n<p>Intervenant \u00e0 cette occasion, le sp\u00e9cialiste en \u00e9pid\u00e9miologie \u00e0 la d\u00e9l\u00e9gation provinciale de la Sant\u00e9, Rachid Rifimahir, a fait savoir que cette initiative s\u2019ins\u00e8re dans le cadre des efforts de sensibilisation men\u00e9s au profit de plusieurs \u00e9tablissements gouvernementaux et non gouvernementaux.<\/p>\n<p>Dans une d\u00e9claration \u00e0 la presse, il a tenu \u00e0 pr\u00e9ciser que cette campagne de sensibilisation a cibl\u00e9 les associations en leur qualit\u00e9 de \u00ab\u00a0trait d\u2019union\u00a0\u00bb entre les citoyens et le d\u00e9partement de la Sant\u00e9, notant que l\u2019objectif de cette op\u00e9ration est d\u2019informer et de sensibiliser autour de cette \u00e9pid\u00e9mie, ses modes de transmission et de sa propagation, et les moyens \u00e0 mettre en oeuvre pour mieux se prot\u00e9ger.<\/p>\n<p>Et de poursuivre que les associations b\u00e9n\u00e9ficiaires de cette campagne, au-del\u00e0 de leur mission d\u2019information et de sensibilisation, seront amen\u00e9es \u00e0 oeuver afin de mettre un terme \u00e0 ce flux incontr\u00f4lable des \u00ab\u00a0fake-news\u00a0\u00bb qui circulent actuellement sur les r\u00e9seaux sociaux, indiquant que la d\u00e9l\u00e9gation provinciale de la Sant\u00e9 ne l\u00e9sine pas sur les moyens en termes de mobilisation, de pr\u00e9vention et de lutte contre cette \u00e9pid\u00e9mie.<\/p>\n<p>Les membres des associations b\u00e9n\u00e9ficiaires ont soulign\u00e9, quant \u00e0 eux, l\u2019importance de la pr\u00e9vention comme unique moyen pour \u00e9viter le virus, tout en mettant l\u2019accent sur les comportements et gestes \u00e0 adopter au sein de la soci\u00e9t\u00e9 pour se pr\u00e9munir et pr\u00e9venir une large propagation du coronavirus.<\/p>\n<p>Le COVID-19 qui a fait son apparition fin d\u00e9cembre dernier \u00e0 Wuhan (Chine), est la maladie infectieuse caus\u00e9e par le dernier coronavirus qui a \u00e9t\u00e9 d\u00e9couvert (SARS-CoV-2). Cette \u00e9pid\u00e9mie provoque des sympt\u00f4mes allant d\u2019un simple rhume et, dans certains cas, peut entra\u00eener des complications chez les personnes \u00e2g\u00e9es atteintes de maladies chroniques (diab\u00e8te, maladies cardiovasculaires, etc).<\/p>\n<p>Les principaux sympt\u00f4mes de l\u2019infection par le virus sont des difficult\u00e9s respiratoires, une toux et une temp\u00e9rature \u00e9lev\u00e9e, r\u00e9sultant d\u2019un contact direct avec une personne infect\u00e9e par le virus par pulv\u00e9risation en cas d\u2019\u00e9ternuements ou de toux, rappelle-t-on.<\/p>\n<\/div>\n<p>Auteur: Mohammed KOURSI<br \/>\n<a href=\"http:\/\/www.mapmarrakech.ma\/fr\/campagne-de-sensibilisation-et-de-prevention-contre-le-coronavirus-2\/\">Cliquez ici pour lire l&rsquo;article depuis sa source.<\/a><\/p>\n","protected":false},"excerpt":{"rendered":"<p>Safi- La d\u00e9l\u00e9gation provinciale de la sant\u00e9 \u00e0 Safi a organis\u00e9, vendredi dans la cit\u00e9 de l\u2019oc\u00e9an, une campagne de sensibilisation et de pr\u00e9vention contre le coronavirus au profit de plusieurs membres d\u2019associations et acteurs de la soci\u00e9t\u00e9 civile. A cette occasion, les b\u00e9n\u00e9ficiaires de cette initiative ont pris connaissance des modes de transmission du [&hellip;]<\/p>\n","protected":false},"author":1788,"featured_media":0,"comment_status":"closed","ping_status":"closed","sticky":false,"template":"","format":"standard","meta":{"fifu_image_url":"","fifu_image_alt":"","footnotes":""},"categories":[54,76],"tags":[],"class_list":["post-79029","post","type-post","status-publish","format-standard","hentry","category-maroc","category-regions"],"_links":{"self":[{"href":"https:\/\/linitiative.ca\/International\/wp-json\/wp\/v2\/posts\/79029","targetHints":{"allow":["GET"]}}],"collection":[{"href":"https:\/\/linitiative.ca\/International\/wp-json\/wp\/v2\/posts"}],"about":[{"href":"https:\/\/linitiative.ca\/International\/wp-json\/wp\/v2\/types\/post"}],"author":[{"embeddable":true,"href":"https:\/\/linitiative.ca\/International\/wp-json\/wp\/v2\/users\/1788"}],"replies":[{"embeddable":true,"href":"https:\/\/linitiative.ca\/International\/wp-json\/wp\/v2\/comments?post=79029"}],"version-history":[{"count":0,"href":"https:\/\/linitiative.ca\/International\/wp-json\/wp\/v2\/posts\/79029\/revisions"}],"wp:attachment":[{"href":"https:\/\/linitiative.ca\/International\/wp-json\/wp\/v2\/media?parent=79029"}],"wp:term":[{"taxonomy":"category","embeddable":true,"href":"https:\/\/linitiative.ca\/International\/wp-json\/wp\/v2\/categories?post=79029"},{"taxonomy":"post_tag","embeddable":true,"href":"https:\/\/linitiative.ca\/International\/wp-json\/wp\/v2\/tags?post=79029"}],"curies":[{"name":"wp","href":"https:\/\/api.w.org\/{rel}","templated":true}]}}