{"id":79030,"date":"2020-03-14T05:50:48","date_gmt":"2020-03-14T09:50:48","guid":{"rendered":"https:\/\/linitiative.ca\/International\/ghardaia-report-de-la-51e-edition-de-la-fete-nationale-du-tapis\/"},"modified":"2020-03-14T05:50:48","modified_gmt":"2020-03-14T09:50:48","slug":"ghardaia-report-de-la-51e-edition-de-la-fete-nationale-du-tapis","status":"publish","type":"post","link":"https:\/\/linitiative.ca\/International\/ghardaia-report-de-la-51e-edition-de-la-fete-nationale-du-tapis\/","title":{"rendered":"Gharda\u00efa: report de la 51e \u00e9dition de la f\u00eate nationale du tapis"},"content":{"rendered":"<p><span class=\"sp-nh-title\">Arrestation \u00e0 Tamanrasset d&rsquo;un \u00e9l\u00e9ment de soutien aux groupes terroristes activant dans la r\u00e9gion du Sahel<\/span> &#8211; <span class=\"sp-nh-date\">samedi 14 mars 2020 18:45<\/span><\/p>\n<p><span class=\"sp-nh-title\">Les personnes aux besoins sp\u00e9cifiques, une force active au changement requis pour une nouvelle R\u00e9publique \u00a0<\/span> &#8211; <span class=\"sp-nh-date\">samedi 14 mars 2020 18:29<\/span><\/p>\n<p><span class=\"sp-nh-title\">Google c\u00e9l\u00e8bre le 90e anniversaire de la naissance du plasticien Mohammed Khadda<\/span> &#8211; <span class=\"sp-nh-date\">samedi 14 mars 2020 17:57<\/span><\/p>\n<p><span class=\"sp-nh-title\">Afrique: une plateforme permettant un acc\u00e8s direct aux march\u00e9s mondiaux pour les agriculteurs<\/span> &#8211; <span class=\"sp-nh-date\">samedi 14 mars 2020 17:39<\/span><\/p>\n<p><span class=\"sp-nh-title\">ONU: le terrorisme demeure une menace mondiale \u00e0 laquelle aucun pays n\u2019est \u00e0 l\u2019abri<\/span> &#8211; <span class=\"sp-nh-date\">samedi 14 mars 2020 17:23<\/span><\/p>\n<p><span class=\"sp-nh-title\">Justice: la feuille de route vise l&rsquo;am\u00e9lioration de l&rsquo;action judiciaire et la pr\u00e9servation de l&rsquo;int\u00e9grit\u00e9 du magistrat<\/span> &#8211; <span class=\"sp-nh-date\">samedi 14 mars 2020 17:03<\/span><\/p>\n<p><span class=\"sp-nh-title\">Le coronavirus impacte le comportement des Alg\u00e9riens<\/span> &#8211; <span class=\"sp-nh-date\">samedi 14 mars 2020 16:58<\/span><\/p>\n<p><span class=\"sp-nh-title\">Covid-19 : Ammar Belhimer met en place une cellule permanente de veille et de suivi<\/span> &#8211; <span class=\"sp-nh-date\">samedi 14 mars 2020 16:58<\/span><\/p>\n<p><span class=\"sp-nh-title\">Suspension de vols: Air Alg\u00e9rie annonce des dispositions particuli\u00e8res en faveur des passagers \u00a0<\/span> &#8211; <span class=\"sp-nh-date\">samedi 14 mars 2020 16:51<\/span><\/p>\n<p><span class=\"sp-nh-title\">Journ\u00e9e nationale des personnes aux besoins sp\u00e9cifiques: des enfants en visite au si\u00e8ge du Commandement des Forces navales<\/span> &#8211; <span class=\"sp-nh-date\">samedi 14 mars 2020 15:38<\/span><\/p>\n<p><span class=\"sp-nh-title\">Le ministre du Travail re\u00e7oit des d\u00e9l\u00e9gations du FCE et du SNAPO<\/span> &#8211; <span class=\"sp-nh-date\">samedi 14 mars 2020 15:33<\/span><\/p>\n<p><span class=\"sp-nh-title\">Le Pr\u00e9sident Tebboune ordonne la prise en charge des alg\u00e9riens bloqu\u00e9s \u00e0 l&rsquo;a\u00e9roport de Casablanca<\/span> &#8211; <span class=\"sp-nh-date\">samedi 14 mars 2020 15:25<\/span><\/p>\n<p><span class=\"sp-nh-title\">Chanegriha dimanche \u00e0 l\u2019Ecole nationale pr\u00e9paratoire aux \u00e9tudes d\u2019ing\u00e9niorat \u00e0 Rouiba<\/span> &#8211; <span class=\"sp-nh-date\">samedi 14 mars 2020 14:03<\/span><\/p>\n<p><span class=\"sp-nh-title\">Covid 19: appel \u00e0 plus de vigilance et au strict respect des mesures pr\u00e9ventives<\/span> &#8211; <span class=\"sp-nh-date\">samedi 14 mars 2020 13:58<\/span><\/p>\n<p><span class=\"sp-nh-title\">Mustapha Abdelhamid Kara, lorsque l&rsquo;handicap n&rsquo;a qu&rsquo;un sens, le triomphe<\/span> &#8211; <span class=\"sp-nh-date\">samedi 14 mars 2020 12:42<\/span><\/p>\n<p><span class=\"sp-nh-title\">Accidents de la route: 9 morts et 22 bless\u00e9s ces derni\u00e8res 48 heures<\/span> &#8211; <span class=\"sp-nh-date\">samedi 14 mars 2020 11:58<\/span><\/p>\n<p><span class=\"sp-nh-title\">RND: report du congr\u00e8s extraordinaire<\/span> &#8211; <span class=\"sp-nh-date\">samedi 14 mars 2020 11:30<\/span><\/p>\n<p><span class=\"sp-nh-title\">Kick-boxing\/Championnat national (2e j): tous les clubs au coude \u00e0 coude<\/span> &#8211; <span class=\"sp-nh-date\">samedi 14 mars 2020 11:01<\/span><\/p>\n<p><span class=\"sp-nh-title\">Gharda\u00efa: report de la 51e \u00e9dition de la f\u00eate nationale du tapis<\/span> &#8211; <span class=\"sp-nh-date\">samedi 14 mars 2020 10:50<\/span><\/p>\n<p><span class=\"sp-nh-title\">RASD-Forum international de la jeunesse: appel \u00e0 la mise en \u0153uvre des r\u00e9solutions onusiennes<\/span> &#8211; <span class=\"sp-nh-date\">samedi 14 mars 2020 10:08<\/span><\/p>\n<p>Auteur:<br \/>\n<a href=\"http:\/\/www.aps.dz\/regions\/102981-ghardaia-report-de-la-51e-edition-de-la-fete-nationale-du-tapis\">Cliquez ici pour lire l&rsquo;article depuis sa source.<\/a><\/p>\n","protected":false},"excerpt":{"rendered":"<p>Arrestation \u00e0 Tamanrasset d&rsquo;un \u00e9l\u00e9ment de soutien aux groupes terroristes activant dans la r\u00e9gion du Sahel &#8211; samedi 14 mars 2020 18:45 Les personnes aux besoins sp\u00e9cifiques, une force active au changement requis pour une nouvelle R\u00e9publique \u00a0 &#8211; samedi 14 mars 2020 18:29 Google c\u00e9l\u00e8bre le 90e anniversaire de la naissance du plasticien Mohammed [&hellip;]<\/p>\n","protected":false},"author":1790,"featured_media":0,"comment_status":"closed","ping_status":"closed","sticky":false,"template":"","format":"standard","meta":{"fifu_image_url":"","fifu_image_alt":"","footnotes":""},"categories":[53,76],"tags":[],"class_list":["post-79030","post","type-post","status-publish","format-standard","hentry","category-algerie","category-regions"],"_links":{"self":[{"href":"https:\/\/linitiative.ca\/International\/wp-json\/wp\/v2\/posts\/79030","targetHints":{"allow":["GET"]}}],"collection":[{"href":"https:\/\/linitiative.ca\/International\/wp-json\/wp\/v2\/posts"}],"about":[{"href":"https:\/\/linitiative.ca\/International\/wp-json\/wp\/v2\/types\/post"}],"author":[{"embeddable":true,"href":"https:\/\/linitiative.ca\/International\/wp-json\/wp\/v2\/users\/1790"}],"replies":[{"embeddable":true,"href":"https:\/\/linitiative.ca\/International\/wp-json\/wp\/v2\/comments?post=79030"}],"version-history":[{"count":0,"href":"https:\/\/linitiative.ca\/International\/wp-json\/wp\/v2\/posts\/79030\/revisions"}],"wp:attachment":[{"href":"https:\/\/linitiative.ca\/International\/wp-json\/wp\/v2\/media?parent=79030"}],"wp:term":[{"taxonomy":"category","embeddable":true,"href":"https:\/\/linitiative.ca\/International\/wp-json\/wp\/v2\/categories?post=79030"},{"taxonomy":"post_tag","embeddable":true,"href":"https:\/\/linitiative.ca\/International\/wp-json\/wp\/v2\/tags?post=79030"}],"curies":[{"name":"wp","href":"https:\/\/api.w.org\/{rel}","templated":true}]}}