{"id":79031,"date":"2020-03-13T17:55:42","date_gmt":"2020-03-13T21:55:42","guid":{"rendered":"https:\/\/linitiative.ca\/International\/coronavirus-suspension-des-cours-a-partir-du-16-mars\/"},"modified":"2020-03-13T17:55:42","modified_gmt":"2020-03-13T21:55:42","slug":"coronavirus-suspension-des-cours-a-partir-du-16-mars","status":"publish","type":"post","link":"https:\/\/linitiative.ca\/International\/coronavirus-suspension-des-cours-a-partir-du-16-mars\/","title":{"rendered":"Coronavirus: Suspension des cours \u00e0 partir du 16 mars"},"content":{"rendered":"<p class=\"c5\">Les cours seront suspendus \u00e0 partir du lundi 16 mars, jusqu\u2019\u00e0 nouvel ordre, dans l\u2019ensemble des cr\u00e8ches, des \u00e9tablissements d\u2019enseignement, de formation professionnelle et des \u00e9tablissements universitaires, qu\u2019ils soient priv\u00e9s ou publics, a annonc\u00e9 vendredi le minist\u00e8re de l\u2019\u00c9ducation nationale, de la formation professionnelle, de l\u2019enseignement sup\u00e9rieur et de la recherche scientifique.<\/p>\n<p class=\"c5\">Cette d\u00e9cision s\u2019inscrivant dans le cadre des mesures de pr\u00e9vention visant \u00e0 endiguer la propagation du Coronavirus \u00ab\u00a0Covid-19\u00a0\u00bb, est applicable \u00e0 l\u2019ensemble des \u00e9tablissements d\u2019enseignement sup\u00e9rieur publics et priv\u00e9s, les \u00e9tablissements de formation des cadres ne faisant pas partie d\u2019universit\u00e9s, les \u00e9coles et les centres de langues relevant des Missions \u00e9trang\u00e8res et les centres de langues et ceux de soutien scolaire priv\u00e9s, a pr\u00e9cis\u00e9 le minist\u00e8re dans un communiqu\u00e9.<\/p>\n<p class=\"c5\">Le minist\u00e8re a affirm\u00e9 qu\u2019il ne s\u2019agit nullement de vacances scolaires exceptionnelles, d\u2019autant plus que les cours seront dispens\u00e9s \u00e0 distance afin de permettre aux \u00e9l\u00e8ves de poursuivre leurs \u00e9tudes tout en restant \u00e0 domicile.<\/p>\n<p class=\"c5\">La d\u00e9cision de suspension des cours repr\u00e9sente une mesure pr\u00e9ventive visant \u00e0 prot\u00e9ger la sant\u00e9 des \u00e9l\u00e8ves, des stagiaires, des \u00e9tudiants, des cadres administratifs et p\u00e9dagogiques exer\u00e7ant dans les \u00e9tablissements d\u2019enseignement et tous les citoyens, l\u2019objectif ultime \u00e9tant de lutter contre la propagation du virus Corona, d\u00e9clar\u00e9 comme une \u00ab\u00a0pand\u00e9mie\u00a0\u00bb d\u2019envergure mondiale par l\u2019OMS.<\/p>\n<p class=\"c5\">\u00ab\u00a0Dans le souci de contribuer \u00e0 faire face \u00e0 cette situation exceptionnelle, les cadres p\u00e9dagogiques et administratifs sont appel\u00e9s \u00e0 s\u2019investir efficacement dans la mise en \u0153uvre des mesures \u00e0 prendre en vue de garantir la continuit\u00e9 des cours en mettant \u00e0 disposition suffisamment de ressources num\u00e9riques et audiovisuelles et de kits didactiques pour les besoins d\u2019un enseignement et d\u2019une formation \u00e0 distance en faveur des apprenants\u00a0\u00bb, souligne-t-on de m\u00eame source.<\/p>\n<p class=\"c5\">Le minist\u00e8re assure qu\u2019il veillera \u00e0 informer la famille de l\u2019\u00e9ducation, de la formation et de la recherche scientifique ainsi que les apprenants, leurs parents et les citoyens, de tous les d\u00e9veloppements qui surviennent dans cette conjoncture exceptionnelle via tous les canaux disponibles.<\/p>\n<p>Auteur: Soufiane ELAHMAR<br \/>\n<a href=\"http:\/\/www.mapoujda.ma\/fr\/coronavirus-suspension-des-cours-a-partir-du-16-mars\/\">Cliquez ici pour lire l&rsquo;article depuis sa source.<\/a><\/p>\n","protected":false},"excerpt":{"rendered":"<p>Les cours seront suspendus \u00e0 partir du lundi 16 mars, jusqu\u2019\u00e0 nouvel ordre, dans l\u2019ensemble des cr\u00e8ches, des \u00e9tablissements d\u2019enseignement, de formation professionnelle et des \u00e9tablissements universitaires, qu\u2019ils soient priv\u00e9s ou publics, a annonc\u00e9 vendredi le minist\u00e8re de l\u2019\u00c9ducation nationale, de la formation professionnelle, de l\u2019enseignement sup\u00e9rieur et de la recherche scientifique. Cette d\u00e9cision s\u2019inscrivant [&hellip;]<\/p>\n","protected":false},"author":1788,"featured_media":0,"comment_status":"closed","ping_status":"closed","sticky":false,"template":"","format":"standard","meta":{"fifu_image_url":"","fifu_image_alt":"","footnotes":""},"categories":[54,76],"tags":[],"class_list":["post-79031","post","type-post","status-publish","format-standard","hentry","category-maroc","category-regions"],"_links":{"self":[{"href":"https:\/\/linitiative.ca\/International\/wp-json\/wp\/v2\/posts\/79031","targetHints":{"allow":["GET"]}}],"collection":[{"href":"https:\/\/linitiative.ca\/International\/wp-json\/wp\/v2\/posts"}],"about":[{"href":"https:\/\/linitiative.ca\/International\/wp-json\/wp\/v2\/types\/post"}],"author":[{"embeddable":true,"href":"https:\/\/linitiative.ca\/International\/wp-json\/wp\/v2\/users\/1788"}],"replies":[{"embeddable":true,"href":"https:\/\/linitiative.ca\/International\/wp-json\/wp\/v2\/comments?post=79031"}],"version-history":[{"count":0,"href":"https:\/\/linitiative.ca\/International\/wp-json\/wp\/v2\/posts\/79031\/revisions"}],"wp:attachment":[{"href":"https:\/\/linitiative.ca\/International\/wp-json\/wp\/v2\/media?parent=79031"}],"wp:term":[{"taxonomy":"category","embeddable":true,"href":"https:\/\/linitiative.ca\/International\/wp-json\/wp\/v2\/categories?post=79031"},{"taxonomy":"post_tag","embeddable":true,"href":"https:\/\/linitiative.ca\/International\/wp-json\/wp\/v2\/tags?post=79031"}],"curies":[{"name":"wp","href":"https:\/\/api.w.org\/{rel}","templated":true}]}}