{"id":79032,"date":"2020-03-14T08:34:14","date_gmt":"2020-03-14T12:34:14","guid":{"rendered":"https:\/\/linitiative.ca\/International\/interdiction-de-tout-rassemblement-de-plus-de-50-personnes\/"},"modified":"2020-03-14T08:34:14","modified_gmt":"2020-03-14T12:34:14","slug":"interdiction-de-tout-rassemblement-de-plus-de-50-personnes","status":"publish","type":"post","link":"https:\/\/linitiative.ca\/International\/interdiction-de-tout-rassemblement-de-plus-de-50-personnes\/","title":{"rendered":"Interdiction de tout rassemblement de plus de 50 personnes"},"content":{"rendered":"<div class=\"single-featured\"><img alt=\"\" data-src=\"http:\/\/www.mapoujda.ma\/map\/uploads\/2020\/03\/Minist&#xE8;re-de-lint&#xE9;rieur-M750&#xD7;430-MAP.jpg\"\/><\/div>\n<div class=\"entry-content clearfix single-post-content\" readability=\"44\">\n<p class=\"c5\">Dans le cadre des mesures pr\u00e9ventives prises pour faire face \u00e0 la situation exceptionnelle li\u00e9e au risque de propagation du nouveau Coronavirus sur le territoire national, le minist\u00e8re de l\u2019Int\u00e9rieur annonce qu\u2019il a \u00e9t\u00e9 d\u00e9cid\u00e9, et jusqu\u2019\u00e0 nouvel ordre, d\u2019interdire tous les rassemblements publics auxquels prennent part plus de 50 personnes.<\/p>\n<p class=\"c5\">Dans le m\u00eame cadre, il a \u00e9t\u00e9 \u00e9galement d\u00e9cid\u00e9 d\u2019annuler tous les \u00e9v\u00e9nements et rencontres sportifs, culturels et artistiques, ajoute la m\u00eame source.<\/p>\n<\/div>\n<p>Auteur: Soufiane ELAHMAR<br \/>\n<a href=\"http:\/\/www.mapoujda.ma\/fr\/interdiction-de-tout-rassemblement-de-plus-de-50-personnes\/\">Cliquez ici pour lire l&rsquo;article depuis sa source.<\/a><\/p>\n","protected":false},"excerpt":{"rendered":"<p>Dans le cadre des mesures pr\u00e9ventives prises pour faire face \u00e0 la situation exceptionnelle li\u00e9e au risque de propagation du nouveau Coronavirus sur le territoire national, le minist\u00e8re de l\u2019Int\u00e9rieur annonce qu\u2019il a \u00e9t\u00e9 d\u00e9cid\u00e9, et jusqu\u2019\u00e0 nouvel ordre, d\u2019interdire tous les rassemblements publics auxquels prennent part plus de 50 personnes. Dans le m\u00eame cadre, [&hellip;]<\/p>\n","protected":false},"author":1788,"featured_media":79033,"comment_status":"closed","ping_status":"closed","sticky":false,"template":"","format":"standard","meta":{"fifu_image_url":"","fifu_image_alt":"","footnotes":""},"categories":[54,76],"tags":[],"class_list":["post-79032","post","type-post","status-publish","format-standard","has-post-thumbnail","hentry","category-maroc","category-regions"],"_links":{"self":[{"href":"https:\/\/linitiative.ca\/International\/wp-json\/wp\/v2\/posts\/79032","targetHints":{"allow":["GET"]}}],"collection":[{"href":"https:\/\/linitiative.ca\/International\/wp-json\/wp\/v2\/posts"}],"about":[{"href":"https:\/\/linitiative.ca\/International\/wp-json\/wp\/v2\/types\/post"}],"author":[{"embeddable":true,"href":"https:\/\/linitiative.ca\/International\/wp-json\/wp\/v2\/users\/1788"}],"replies":[{"embeddable":true,"href":"https:\/\/linitiative.ca\/International\/wp-json\/wp\/v2\/comments?post=79032"}],"version-history":[{"count":0,"href":"https:\/\/linitiative.ca\/International\/wp-json\/wp\/v2\/posts\/79032\/revisions"}],"wp:featuredmedia":[{"embeddable":true,"href":"https:\/\/linitiative.ca\/International\/wp-json\/"}],"wp:attachment":[{"href":"https:\/\/linitiative.ca\/International\/wp-json\/wp\/v2\/media?parent=79032"}],"wp:term":[{"taxonomy":"category","embeddable":true,"href":"https:\/\/linitiative.ca\/International\/wp-json\/wp\/v2\/categories?post=79032"},{"taxonomy":"post_tag","embeddable":true,"href":"https:\/\/linitiative.ca\/International\/wp-json\/wp\/v2\/tags?post=79032"}],"curies":[{"name":"wp","href":"https:\/\/api.w.org\/{rel}","templated":true}]}}