{"id":79040,"date":"2020-03-14T15:14:05","date_gmt":"2020-03-14T19:14:05","guid":{"rendered":"https:\/\/linitiative.ca\/International\/international-manchester-city-mahrez-interesse-par-le-psg\/"},"modified":"2020-03-14T15:14:05","modified_gmt":"2020-03-14T19:14:05","slug":"international-manchester-city-mahrez-interesse-par-le-psg","status":"publish","type":"post","link":"https:\/\/linitiative.ca\/International\/international-manchester-city-mahrez-interesse-par-le-psg\/","title":{"rendered":"International : Manchester City: Mahrez int\u00e9ress\u00e9 par le PSG?"},"content":{"rendered":"<div readability=\"32\">\n<p>Auteur : <span class=\"time\">samedi 14 mars 2020 12:31<\/span><\/p>\n<\/div>\n<div id=\"post_core\" readability=\"51\">\n<p>Arriv\u00e9 en provenance de Leicester City en 2018, o\u00f9 il avait \u00e9t\u00e9 \u00e9lu meilleur joueur de Premier League en 2015-2016, saison au cours de laquelle les Foxes avaient remport\u00e9 le titre de champion, Riyad Mahrez (29 ans) ne s\u2019est jamais r\u00e9ellement impos\u00e9 \u00e0 Manchester City en tant que titulaire indiscutable. L\u2019international alg\u00e9rien a \u00e9t\u00e9 contraint de partager son temps de jeu avec Bernardo Silva ou encore Leroy San\u00e9. Cependant, Mahrez s\u2019est montr\u00e9 d\u00e9cisif au cours de matchs charni\u00e8res pour les Citizens, \u00e0 l\u2019instar de la saison pass\u00e9e lorsque les Skyblues \u00e9taient au coude \u00e0 coude avec Liverpool dans la derni\u00e8re ligne droite du championnat pour le titre de champion. N\u00e9anmoins, Riyad Mahrez serait susceptible de ne pas s\u2019\u00e9terniser \u00e0 Manchester City. Pour rappel, pour ne pas avoir respect\u00e9 le r\u00e8glement du Fair-Play financier, Manchester City a \u00e9t\u00e9 exclu des deux prochaines campagnes europ\u00e9ennes par l\u2019UEFA. Les dirigeants mancuniens ont certes fait appel aupr\u00e8s du Tribunal Arbitral du Sport pour contester la d\u00e9cision, mais le verdict du TAS pourrait ne pas jouer en leur faveur. Si cette hypoth\u00e8se venait \u00e0 se confirmer, de nombreux joueurs de Manchester City seraient susceptibles de plier bagage \u00e0 l\u2019intersaison. Et selon Calciomercato.com, Riyad Mahrez serait l\u2019un d\u2019eux. En effet, l\u2019international alg\u00e9rien qui est pourtant li\u00e9 \u00e0 Manchester City jusqu\u2019en juin 2023, r\u00e9fl\u00e9chirait \u00e0 son avenir qui pourrait bien s\u2019\u00e9crire au PSG, le joueur Alg\u00e9rien appr\u00e9ciant le projet du club parisien rapporte Le 10 Sport.<\/p>\n<p><strong>Publi\u00e9 dans :<\/strong> <span>Manchester City<\/span> <span>PSG<\/span> <span>Mahrez<\/span><\/p>\n<\/div>\n<p>Auteur:<br \/>\n<a href=\"http:\/\/www.lebuteur.com\/article\/detail?titre=manchester-city-mahrez-interesse-par-le-psg&#038;id=95290&#038;utm_source=feedburner&#038;utm_medium=feed&#038;utm_campaign=Feed%3A+GalerieFArtciles+%28Les+derniers+articles++-+lebuteur.com%29\">Cliquez ici pour lire l&rsquo;article depuis sa source.<\/a><\/p>\n","protected":false},"excerpt":{"rendered":"<p>Auteur : samedi 14 mars 2020 12:31 Arriv\u00e9 en provenance de Leicester City en 2018, o\u00f9 il avait \u00e9t\u00e9 \u00e9lu meilleur joueur de Premier League en 2015-2016, saison au cours de laquelle les Foxes avaient remport\u00e9 le titre de champion, Riyad Mahrez (29 ans) ne s\u2019est jamais r\u00e9ellement impos\u00e9 \u00e0 Manchester City en tant que [&hellip;]<\/p>\n","protected":false},"author":1738,"featured_media":79041,"comment_status":"closed","ping_status":"closed","sticky":false,"template":"","format":"standard","meta":{"fifu_image_url":"","fifu_image_alt":"","footnotes":""},"categories":[53,75],"tags":[],"class_list":["post-79040","post","type-post","status-publish","format-standard","has-post-thumbnail","hentry","category-algerie","category-sport"],"_links":{"self":[{"href":"https:\/\/linitiative.ca\/International\/wp-json\/wp\/v2\/posts\/79040","targetHints":{"allow":["GET"]}}],"collection":[{"href":"https:\/\/linitiative.ca\/International\/wp-json\/wp\/v2\/posts"}],"about":[{"href":"https:\/\/linitiative.ca\/International\/wp-json\/wp\/v2\/types\/post"}],"author":[{"embeddable":true,"href":"https:\/\/linitiative.ca\/International\/wp-json\/wp\/v2\/users\/1738"}],"replies":[{"embeddable":true,"href":"https:\/\/linitiative.ca\/International\/wp-json\/wp\/v2\/comments?post=79040"}],"version-history":[{"count":0,"href":"https:\/\/linitiative.ca\/International\/wp-json\/wp\/v2\/posts\/79040\/revisions"}],"wp:featuredmedia":[{"embeddable":true,"href":"https:\/\/linitiative.ca\/International\/wp-json\/"}],"wp:attachment":[{"href":"https:\/\/linitiative.ca\/International\/wp-json\/wp\/v2\/media?parent=79040"}],"wp:term":[{"taxonomy":"category","embeddable":true,"href":"https:\/\/linitiative.ca\/International\/wp-json\/wp\/v2\/categories?post=79040"},{"taxonomy":"post_tag","embeddable":true,"href":"https:\/\/linitiative.ca\/International\/wp-json\/wp\/v2\/tags?post=79040"}],"curies":[{"name":"wp","href":"https:\/\/api.w.org\/{rel}","templated":true}]}}