{"id":79044,"date":"2020-03-14T15:14:11","date_gmt":"2020-03-14T19:14:11","guid":{"rendered":"https:\/\/linitiative.ca\/International\/international-ol-amine-gouiri-ca-fait-plaisir-detre-compare-a-benzema\/"},"modified":"2020-03-14T15:14:11","modified_gmt":"2020-03-14T19:14:11","slug":"international-ol-amine-gouiri-ca-fait-plaisir-detre-compare-a-benzema","status":"publish","type":"post","link":"https:\/\/linitiative.ca\/International\/international-ol-amine-gouiri-ca-fait-plaisir-detre-compare-a-benzema\/","title":{"rendered":"International : OL &#8211; Amine Gouiri : \u00ab\u00a0Ca fait plaisir d&rsquo;\u00eatre compar\u00e9 \u00e0 Benzema\u00a0\u00bb"},"content":{"rendered":"<div readability=\"32\">\n<p>Auteur : <span class=\"time\">samedi 14 mars 2020 19:55<\/span><\/p>\n<\/div>\n<div id=\"post_core\" readability=\"46\">\n<p>Dans les colonnes de Lyon People, et r\u00e9pondant \u00e0 Barth Ruzza, Amine Gouiri avoue que voir son nom \u00eatre associ\u00e9 \u00e0 celui de Karim Benzema \u00e9tait forc\u00e9ment un privil\u00e8ge, et il en profite pour lancer un appel \u00e0 l\u2019attaquant fran\u00e7ais du Real Madrid :<\/p>\n<p>\u00ab\u00a0\u00c7a fait quoi d\u2019\u00eatre compar\u00e9 \u00e0 Benzema ? Forc\u00e9ment \u00e7a fait plaisir ! Tu te rends compte ?! Si je peux faire une carri\u00e8re comme la sienne, donne-moi le papier et je signe tout de suite, explique l\u2019avant-centre de l\u2019Olympique Lyonnais, qui a un petit message pour Karim Benzema. Pourquoi ne reviens-tu pas \u00e0 l\u2019OL ? Si ce n\u2019est pas possible en tant que joueur, reviens au moins pour coacher les attaquants !\u00a0\u00bb Des propos relay\u00e9s par Foot01.<\/p>\n<p><strong>Publi\u00e9 dans :<\/strong> <span>Lyon<\/span><\/p>\n<\/div>\n<p>Auteur:<br \/>\n<a href=\"http:\/\/www.lebuteur.com\/article\/detail?titre=ol-amine-gouiri-ca-fait-plaisir-detre-compare-a-benzema&#038;id=95292&#038;utm_source=feedburner&#038;utm_medium=feed&#038;utm_campaign=Feed%3A+GalerieFArtciles+%28Les+derniers+articles++-+lebuteur.com%29\">Cliquez ici pour lire l&rsquo;article depuis sa source.<\/a><\/p>\n","protected":false},"excerpt":{"rendered":"<p>Auteur : samedi 14 mars 2020 19:55 Dans les colonnes de Lyon People, et r\u00e9pondant \u00e0 Barth Ruzza, Amine Gouiri avoue que voir son nom \u00eatre associ\u00e9 \u00e0 celui de Karim Benzema \u00e9tait forc\u00e9ment un privil\u00e8ge, et il en profite pour lancer un appel \u00e0 l\u2019attaquant fran\u00e7ais du Real Madrid : \u00ab\u00a0\u00c7a fait quoi d\u2019\u00eatre [&hellip;]<\/p>\n","protected":false},"author":1738,"featured_media":79045,"comment_status":"closed","ping_status":"closed","sticky":false,"template":"","format":"standard","meta":{"fifu_image_url":"","fifu_image_alt":"","footnotes":""},"categories":[53,75],"tags":[],"class_list":["post-79044","post","type-post","status-publish","format-standard","has-post-thumbnail","hentry","category-algerie","category-sport"],"_links":{"self":[{"href":"https:\/\/linitiative.ca\/International\/wp-json\/wp\/v2\/posts\/79044","targetHints":{"allow":["GET"]}}],"collection":[{"href":"https:\/\/linitiative.ca\/International\/wp-json\/wp\/v2\/posts"}],"about":[{"href":"https:\/\/linitiative.ca\/International\/wp-json\/wp\/v2\/types\/post"}],"author":[{"embeddable":true,"href":"https:\/\/linitiative.ca\/International\/wp-json\/wp\/v2\/users\/1738"}],"replies":[{"embeddable":true,"href":"https:\/\/linitiative.ca\/International\/wp-json\/wp\/v2\/comments?post=79044"}],"version-history":[{"count":0,"href":"https:\/\/linitiative.ca\/International\/wp-json\/wp\/v2\/posts\/79044\/revisions"}],"wp:featuredmedia":[{"embeddable":true,"href":"https:\/\/linitiative.ca\/International\/wp-json\/"}],"wp:attachment":[{"href":"https:\/\/linitiative.ca\/International\/wp-json\/wp\/v2\/media?parent=79044"}],"wp:term":[{"taxonomy":"category","embeddable":true,"href":"https:\/\/linitiative.ca\/International\/wp-json\/wp\/v2\/categories?post=79044"},{"taxonomy":"post_tag","embeddable":true,"href":"https:\/\/linitiative.ca\/International\/wp-json\/wp\/v2\/tags?post=79044"}],"curies":[{"name":"wp","href":"https:\/\/api.w.org\/{rel}","templated":true}]}}