{"id":79047,"date":"2020-03-14T11:25:00","date_gmt":"2020-03-14T15:25:00","guid":{"rendered":"https:\/\/linitiative.ca\/International\/attitudes-et-comportements-hirakquelques-retombees-societales\/"},"modified":"2020-03-14T11:25:00","modified_gmt":"2020-03-14T15:25:00","slug":"attitudes-et-comportements-hirakquelques-retombees-societales","status":"publish","type":"post","link":"https:\/\/linitiative.ca\/International\/attitudes-et-comportements-hirakquelques-retombees-societales\/","title":{"rendered":"Attitudes et comportements : Hirak\u2026quelques retomb\u00e9es soci\u00e9tales"},"content":{"rendered":"<p>Serait-ce du au Hirak qui, avec son mode \u00abSilmiya\u00bb, a apport\u00e9 une touche in\u00e9dite en ce qu\u2019il s\u2019agit, notamment, de manifester pour r\u00e9clamer des droits certes, mais d\u00e9sormais -en tout cas depuis plus d\u2019un an- de fa\u00e7on plut\u00f4t pacifique\u00a0? Ne serait-ce qu\u2019entre citoyens, on a pu noter que l\u2019agressivit\u00e9 qui, jusque-l\u00e0, a caract\u00e9ris\u00e9 le comportement de certains d\u2019entre eux -tout particuli\u00e8rement ceux appartenant \u00e0 la tranche juv\u00e9nile de la population- eh bien cette agressivit\u00e9-l\u00e0 semble s\u2019\u00eatre paradoxalement att\u00e9nu\u00e9e, pour ne pas dire carr\u00e9ment estomp\u00e9e. Et l\u00e0, il y a des indices qui ne trompent pas. Dans les marches populaires par exemple, o\u00f9 l\u2019on retrouve toutes les tranches d\u2019\u00e2ges, les cat\u00e9gories socioprofessionnelles\u00a0 ainsi que les partenaires des deux sexes r\u00e9unis.\u00a0\u00a0\u00a0<\/p>\n<p>Premier indice palpable, la forte pr\u00e9sence f\u00e9minine au sein de ce mouvement de contestation. Une pr\u00e9sence qui, incidence oblige, l\u2019a humanis\u00e9 en quelque sorte. On a ainsi pu noter que d\u00e8s le 22 f\u00e9vrier 2019, correspondant au premier vendredi de Hirak, les femmes \u00e9taient d\u00e9j\u00e0 aux premiers rangs des manifestants. Elles \u00e9taient l\u00e0, avaient fi\u00e8re allure et, tenez-vous bien, n\u2019ont pas attendu qu\u2019on les invite \u00e0 venir manifester\u2026Eh oui, il faut bien admettre qu\u2019avec ou sans voile, elles ne se sont jamais priv\u00e9 -et ce, jusqu\u2019au 55<sup>e<\/sup> vendredi, pr\u00e9cis\u00e9ment celui du 06 mars dernier- de donner le \u00abLa\u00bb des slogans \u00e0 scander.<\/p>\n<p><strong>C\u2019est, pour tout dire, \u00e0 se demander si le regard masculin sur les femmes n\u2019a pas\u2026 tout au moins \u00e9volu\u00e9\u00a0<\/strong><\/p>\n<p>Et pas seulement\u2026Devenues incontournables, nos moiti\u00e9s f\u00e9minines se sont naturellement int\u00e9gr\u00e9es en tant qu\u2019\u00e9gales de leurs autres moiti\u00e9s masculines. Le \u00abmiracle\u00bb, s\u2019il faut qualifier ainsi la r\u00e9action globale des marcheurs hommes, c\u2019est que pas grand monde, parmi la gent masculine, n\u2019y a trouv\u00e9 \u00e0 redire. Bien au contraire, celles qui ont march\u00e9 aux cot\u00e9s des hommes semblaient \u00eatre plut\u00f4t les bienvenues.<\/p>\n<p>Ce qu\u2019il y a de particulier \u00e0 retenir dans un tel contexte, c\u2019est cette forme de respect qui s\u2019est pratiquement instaur\u00e9e dans la relation avec l\u2019\u00e9l\u00e9ment f\u00e9minin\u00a0: fini donc le regard m\u00e9prisant affich\u00e9 jusque-l\u00e0 \u00e0 l\u2019endroit de la gent f\u00e9minine par bon nombre de jeunes, hittistes ou non\u00a0? On pourrait l\u2019esp\u00e9rer dans la mesure o\u00f9, nonobstant le milieu estudiantin o\u00f9, depuis belle lurette, la relation entre les deux sexes ne semble souffrir d\u2019aucune discrimination, on a pu observer que bon nombre des femmes \u00e9voluent le plus normalement du monde, dans la rue notamment, sans pour autant \u00eatre importun\u00e9es ni agress\u00e9es. Ici, il faut, bien s\u00fbr, relativiser car les agressions ne son pas sp\u00e9cialement cibl\u00e9es. Elles peuvent concerner tout aussi bien les hommes que les femmes.<\/p>\n<p>C\u2019est, pour tout dire, \u00e0 se demander si le regard masculin sur les femmes n\u2019a pas -\u00e0 d\u00e9faut d\u2019avoir sensiblement chang\u00e9- tout au moins \u00e9volu\u00e9\u00a0; et, faut-il le souligner, dans le bons sens. D\u2019une fa\u00e7on ou d\u2019une autre, les jours \u00e0 venir nous diront si, \u00e0 l\u2019aune du Hirak, la soci\u00e9t\u00e9 alg\u00e9rienne est en train d\u2019\u00e9voluer sensiblement, au point qu\u2019on puisse \u00e0 pr\u00e9sent parler de grande mue. Quoiqu\u2019il en soit on peut, en attendant, d\u2019ores et d\u00e9j\u00e0 affirmer qu\u2019il y a de s\u00e9rieux fr\u00e9missements en ce sens.<\/p>\n<p><strong>Kamel Bouslama<\/strong><\/p>\n<p>Auteur: elmoudjahid<br \/>\n<a href=\"http:\/\/www.elmoudjahid.com\/fr\/actualites\/149807\">Cliquez ici pour lire l&rsquo;article depuis sa source.<\/a><\/p>\n","protected":false},"excerpt":{"rendered":"<p>Serait-ce du au Hirak qui, avec son mode \u00abSilmiya\u00bb, a apport\u00e9 une touche in\u00e9dite en ce qu\u2019il s\u2019agit, notamment, de manifester pour r\u00e9clamer des droits certes, mais d\u00e9sormais -en tout cas depuis plus d\u2019un an- de fa\u00e7on plut\u00f4t pacifique\u00a0? Ne serait-ce qu\u2019entre citoyens, on a pu noter que l\u2019agressivit\u00e9 qui, jusque-l\u00e0, a caract\u00e9ris\u00e9 le comportement [&hellip;]<\/p>\n","protected":false},"author":1744,"featured_media":0,"comment_status":"closed","ping_status":"closed","sticky":false,"template":"","format":"standard","meta":{"fifu_image_url":"","fifu_image_alt":"","footnotes":""},"categories":[73,53],"tags":[],"class_list":["post-79047","post","type-post","status-publish","format-standard","hentry","category-actualite","category-algerie"],"_links":{"self":[{"href":"https:\/\/linitiative.ca\/International\/wp-json\/wp\/v2\/posts\/79047","targetHints":{"allow":["GET"]}}],"collection":[{"href":"https:\/\/linitiative.ca\/International\/wp-json\/wp\/v2\/posts"}],"about":[{"href":"https:\/\/linitiative.ca\/International\/wp-json\/wp\/v2\/types\/post"}],"author":[{"embeddable":true,"href":"https:\/\/linitiative.ca\/International\/wp-json\/wp\/v2\/users\/1744"}],"replies":[{"embeddable":true,"href":"https:\/\/linitiative.ca\/International\/wp-json\/wp\/v2\/comments?post=79047"}],"version-history":[{"count":0,"href":"https:\/\/linitiative.ca\/International\/wp-json\/wp\/v2\/posts\/79047\/revisions"}],"wp:attachment":[{"href":"https:\/\/linitiative.ca\/International\/wp-json\/wp\/v2\/media?parent=79047"}],"wp:term":[{"taxonomy":"category","embeddable":true,"href":"https:\/\/linitiative.ca\/International\/wp-json\/wp\/v2\/categories?post=79047"},{"taxonomy":"post_tag","embeddable":true,"href":"https:\/\/linitiative.ca\/International\/wp-json\/wp\/v2\/tags?post=79047"}],"curies":[{"name":"wp","href":"https:\/\/api.w.org\/{rel}","templated":true}]}}