{"id":79048,"date":"2020-03-14T12:00:00","date_gmt":"2020-03-14T16:00:00","guid":{"rendered":"https:\/\/linitiative.ca\/International\/covid-19-m-ammar-belhimer-met-en-place-une-cellule-permanente-de-veille-et-de-suivi\/"},"modified":"2020-03-14T12:00:00","modified_gmt":"2020-03-14T16:00:00","slug":"covid-19-m-ammar-belhimer-met-en-place-une-cellule-permanente-de-veille-et-de-suivi","status":"publish","type":"post","link":"https:\/\/linitiative.ca\/International\/covid-19-m-ammar-belhimer-met-en-place-une-cellule-permanente-de-veille-et-de-suivi\/","title":{"rendered":"Covid-19 : M. Ammar Belhimer met en place une cellule permanente de veille  et de suivi"},"content":{"rendered":"<p>\u00ab\u00a0En application de l\u2019instruction de M. le Pr\u00e9sident de la R\u00e9publique de prendre toutes les dispositions pour faire face aux risques de propagation du Coronavirus +Covid-19+ et de d\u00e9ployer l\u2019ensemble des moyens n\u00e9cessaires afin de prot\u00e9ger nos concitoyens et conform\u00e9ment \u00e0 la mise en \u0153uvre du dispositif national de pr\u00e9vention et de lutte contre la propagation de ce virus, arr\u00eat\u00e9 par M. le Premier ministre, une cellule permanente de veille et de suivi a \u00e9t\u00e9 install\u00e9e aupr\u00e8s du minist\u00e8re de la Communication\u00a0\u00bb,\u00a0<\/p>\n<p>pr\u00e9cise la m\u00eame source.Pr\u00e9sid\u00e9e par la directrice des Medias en sa qualit\u00e9 de \u00ab\u00a0point focal du comit\u00e9 multisectoriel (COM-PSL Covid-19)\u00a0\u00bb, cette cellule \u00ab\u00a0sera fonctionnelle de mani\u00e8re permanente, y compris les vendredi et samedi\u00a0\u00bb,\u00a0<\/p>\n<p>ajoute le communiqu\u00e9.La cellule sera charg\u00e9e notamment de \u00ab\u00a0recueillir l&rsquo;ensemble des informations (presse \u00e9crite, audiovisuelle, sites \u00e9lectroniques, etc. ), relatives \u00e0 la pr\u00e9vention et \u00e0 la lutte contre la propagation du Covid-19, d&rsquo;\u00e9tablir un rapport quotidien \u00e0 transmettre au secr\u00e9tariat g\u00e9n\u00e9ral, de la prise en charge des demandes \u00e9manant des institutions et organismes en termes de sensibilisation, d\u2019information et de communication, et de proposer toutes actions visant \u00e0 am\u00e9liorer la prise en charge du volet communication\u00a0\u00bb, souligne la m\u00eame source.<\/p>\n<p>Le calendrier de permanence de ladite cellule est \u00ab\u00a0arr\u00eat\u00e9 jusqu\u2019au 31 mars 2020 dans une premi\u00e8re phase\u00a0\u00bb, note-t-on. (APS)\u00a0<\/p>\n<p>Auteur: elmoudjahid<br \/>\n<a href=\"http:\/\/www.elmoudjahid.com\/fr\/actualites\/149808\">Cliquez ici pour lire l&rsquo;article depuis sa source.<\/a><\/p>\n","protected":false},"excerpt":{"rendered":"<p>\u00ab\u00a0En application de l\u2019instruction de M. le Pr\u00e9sident de la R\u00e9publique de prendre toutes les dispositions pour faire face aux risques de propagation du Coronavirus +Covid-19+ et de d\u00e9ployer l\u2019ensemble des moyens n\u00e9cessaires afin de prot\u00e9ger nos concitoyens et conform\u00e9ment \u00e0 la mise en \u0153uvre du dispositif national de pr\u00e9vention et de lutte contre la [&hellip;]<\/p>\n","protected":false},"author":1744,"featured_media":0,"comment_status":"closed","ping_status":"closed","sticky":false,"template":"","format":"standard","meta":{"fifu_image_url":"","fifu_image_alt":"","footnotes":""},"categories":[73,53],"tags":[],"class_list":["post-79048","post","type-post","status-publish","format-standard","hentry","category-actualite","category-algerie"],"_links":{"self":[{"href":"https:\/\/linitiative.ca\/International\/wp-json\/wp\/v2\/posts\/79048","targetHints":{"allow":["GET"]}}],"collection":[{"href":"https:\/\/linitiative.ca\/International\/wp-json\/wp\/v2\/posts"}],"about":[{"href":"https:\/\/linitiative.ca\/International\/wp-json\/wp\/v2\/types\/post"}],"author":[{"embeddable":true,"href":"https:\/\/linitiative.ca\/International\/wp-json\/wp\/v2\/users\/1744"}],"replies":[{"embeddable":true,"href":"https:\/\/linitiative.ca\/International\/wp-json\/wp\/v2\/comments?post=79048"}],"version-history":[{"count":0,"href":"https:\/\/linitiative.ca\/International\/wp-json\/wp\/v2\/posts\/79048\/revisions"}],"wp:attachment":[{"href":"https:\/\/linitiative.ca\/International\/wp-json\/wp\/v2\/media?parent=79048"}],"wp:term":[{"taxonomy":"category","embeddable":true,"href":"https:\/\/linitiative.ca\/International\/wp-json\/wp\/v2\/categories?post=79048"},{"taxonomy":"post_tag","embeddable":true,"href":"https:\/\/linitiative.ca\/International\/wp-json\/wp\/v2\/tags?post=79048"}],"curies":[{"name":"wp","href":"https:\/\/api.w.org\/{rel}","templated":true}]}}