{"id":79049,"date":"2020-03-14T12:20:00","date_gmt":"2020-03-14T16:20:00","guid":{"rendered":"https:\/\/linitiative.ca\/International\/justice-la-feuille-de-route-du-secteur-vise-lamelioration-de-laction-judiciaire-et-la-preservation-de-lindependance-du-magistrat\/"},"modified":"2020-03-14T12:20:00","modified_gmt":"2020-03-14T16:20:00","slug":"justice-la-feuille-de-route-du-secteur-vise-lamelioration-de-laction-judiciaire-et-la-preservation-de-lindependance-du-magistrat","status":"publish","type":"post","link":"https:\/\/linitiative.ca\/International\/justice-la-feuille-de-route-du-secteur-vise-lamelioration-de-laction-judiciaire-et-la-preservation-de-lindependance-du-magistrat\/","title":{"rendered":"Justice: La feuille de route du Secteur vise l&rsquo;am\u00e9lioration de l&rsquo;action  judiciaire et la pr\u00e9servation de l&rsquo;ind\u00e9pendance du magistrat"},"content":{"rendered":"<p>Dans une allocution \u00e0 l&rsquo;occasion de l&rsquo;ouverture des travaux de la r\u00e9union des pr\u00e9sidents et des commissaires d&rsquo;Etat pr\u00e8s les tribunaux\u00a0<\/p>\n<p>administratifs, M. Zeghmati a pass\u00e9 en revue la feuille de route du secteur de la Justice \u00e9labor\u00e9e dans le cadre du Plan d&rsquo;action du Gouvernement pour la mise en \u0153uvre du programme du Pr\u00e9sident de la R\u00e9publique, Abdelmadjid Tebboune.\u00a0<\/p>\n<p>Dans ce cadre, le Garde des sceaux a affirm\u00e9 que cette feuille de route ambitionnait d&rsquo;am\u00e9liorer la qualit\u00e9 et le rendement de l&rsquo;action judiciaire \u00e0 travers une r\u00e9vision du syst\u00e8me de recrutement et de formation des magistrats prenant en ligne de compte \u00e0 la fois le lourd h\u00e9ritage du pass\u00e9, et une vision prospective concernant les exigences renouvel\u00e9es pour une justice de qualit\u00e9 prot\u00e9geant les droits et mettant fin \u00e0 l&rsquo;abus sous toutes ses formes. \u00ab\u00a0La classification des juridictions et la r\u00e9vision de la cartographie judiciaire\u00a0\u00bb sont \u00e9galement au c\u0153ur de cette feuille de route, \u00e9tant, poursuit le ministre, \u00ab\u00a0une pr\u00e9occupation majeure au vu de ce qu&rsquo;elle sous tend en terme de rationalisation de l&rsquo;utilisation de la ressource humaine (magistrats, greffiers, corps communs) en mettant un terme aux d\u00e9penses\u00a0<\/p>\n<p>inutiles\u00a0\u00bb.<\/p>\n<p>Affirmant ,dans ce cadre, que \u00ab\u00a0la r\u00e9vision du statut de la magistrature, de la loi r\u00e9gissant le Conseil sup\u00e9rieur de la magistrature (CSM), et de la charte de d\u00e9ontologie sont l&rsquo;autre facette de notre vision pour le secteur\u00a0\u00bb, le Garde des sceaux a indique que la feuille de route du Secteur pr\u00e9voit dans ce volet \u00ab\u00a0la cr\u00e9ation de m\u00e9canismes devant pr\u00e9server l&rsquo;ind\u00e9pendance et l&rsquo;int\u00e9grit\u00e9 du magistrat tout en lui en reconnaissant sa position sociale\u00a0\u00bb. \u00ab\u00a0M\u00eame si l&rsquo;ind\u00e9pendance de la justice pr\u00e9serve le magistrat de nombre d&rsquo;entraves, il existe d&rsquo;autres obstacles issus de l&rsquo;arsenal l\u00e9gislatif qui entravent la concr\u00e9tisation d&rsquo;une justice de qualit\u00e9\u00a0\u00bb.\u00a0 \u00a0<\/p>\n<p><strong>Importance de la r\u00e9vision du Code de proc\u00e9dure civile et administrative<\/strong><\/p>\n<p>Par ailleurs, le ministre de la Justice a fait \u00e9tat de la r\u00e9vision de plusieurs textes de loi, notamment le Code de proc\u00e9dure civile et administrative, rappelant avoir pr\u00e9sid\u00e9 \u00ab\u00a0le 10 mars en cours l&rsquo;installation de plusieurs ateliers dont celui charg\u00e9 de la r\u00e9vision de ce Code,\u00a0<\/p>\n<p>disposant des pr\u00e9rogatives de proposer tout ce qu&rsquo;il juge appropri\u00e9\u00a0\u00bb. Il indiqu\u00e9, dans ce cadre, avoir demand\u00e9 aux pr\u00e9sidents des ateliers \u00ab\u00a0de r\u00e9aliser le travail requis \u00e0 partir de la r\u00e9alit\u00e9 alg\u00e9rienne en tirant profit des exp\u00e9riences d&rsquo;autres pays et du droit compar\u00e9 avec ses divers syst\u00e8mes\u00a0\u00bb, outre \u00ab\u00a0l&rsquo;imp\u00e9ratif d&rsquo;\u00e9largir la concertation pour englober les m\u00e9tiers du droit, les partenaires de justice, les universitaires et les\u00a0<\/p>\n<p>institutions pertinentes\u00a0\u00bb. Le ministre a exprim\u00e9, dans ce cadre, son ouverture \u00e0 \u00ab\u00a0toute contribution\u00a0\u00bb.<\/p>\n<p>Soulignant l&rsquo;importance de la r\u00e9vision de ce Code, M. Zeghmati a indiqu\u00e9 que \u00ab\u00a0les statistiques pour la p\u00e9riode 2015-2019 confirment que le taux des actions d\u00e9clar\u00e9es irrecevables en la forme et le rejet des actions au fond s&rsquo;\u00e9l\u00e8vent \u00e0 50,64% (30776 actions). Les jugements rendus avant dire droit au fond s&rsquo;\u00e9l\u00e8vent \u00e0 14,21% (8634 actions), portant ainsi le taux des jugements rendus au fond \u00e0 35,15 %, ce qui est un taux tr\u00e8s faible\u00a0\u00bb.Apr\u00e8s avoir salu\u00e9 \u00ab\u00a0la conscience de nombreux magistrats ayant appel\u00e9 \u00e0 la r\u00e9vision de ce Code dans ses aspects relatifs aux proc\u00e9dures (de forme) donnant lieu \u00e0 des jugements d\u00e9clarant les actions irrecevables\u00a0\u00bb, le ministre a affirm\u00e9 \u00ab\u00a0qu&rsquo;il partage \u00e9galement cet avis\u00a0\u00bb. Il a expliqu\u00e9, \u00e0 ce propos, que \u00ab\u00a0l&rsquo;obligation de traduire les documents \u00e9tablis en langues \u00e9trang\u00e8res est une mesure contradictoire avec la r\u00e9alit\u00e9 alg\u00e9rienne d&rsquo;autant que les institutions publiques continuent \u00e0 d\u00e9livrer des documents en langues \u00e9trang\u00e8res\u00a0\u00bb, s&rsquo;interrogeant sur \u00ab\u00a0la logique d&rsquo;obliger le citoyen, en conflit avec l&rsquo;administration, de traduire des documents \u00e9tablis par cette derni\u00e8re. En outre, \u00ab\u00a0la traduction de plusieurs documents dans certaines affaires co\u00fbtent des frais inappropri\u00e9s et contradictoire avec le principe de gratuit\u00e9 de la justice\u00a0\u00bb.\u00a0 \u00a0\u00a0<\/p>\n<p><strong>Num\u00e9risation du dossier juridique dans le cadre de la modernisation des outils de gestion<\/strong><\/p>\n<p>Concernant les tribunaux administratifs, la secteur compte, dans le cadre de sa feuille de route, assurer une \u00ab\u00a0large modernisation des outils de gestion\u00a0\u00bb, \u00ab\u00a0la num\u00e9risation du dossier juridique \u00e9tant plac\u00e9e en priorit\u00e9\u00a0\u00bb, d&rsquo;o\u00f9 l&rsquo;appel du minist\u00e8re \u00e0 l&rsquo;adresse des pr\u00e9sidents et commissaires d&rsquo;Etat pr\u00e8s les tribunaux administratifs \u00e0 \u00e9valuer le processus de modernisation de l&rsquo;action judiciaire au niveau des tribunaux administratifs en pr\u00e9vision de la g\u00e9n\u00e9ralisation de l&rsquo;op\u00e9ration\u00a0\u00bb<\/p>\n<p>\u00ab\u00a0Il ne s&rsquo;agit pas d&rsquo;introduire des fonctions ou de nouveaux m\u00e9canismes partiels dans la gestion du dossier judicaire, mais de mettre en place un syst\u00e8me int\u00e9gr\u00e9 qui tienne compte de toutes les exigences du magistrat, des justiciables, de la d\u00e9fense et de l&rsquo;administration judiciaire, conform\u00e9ment \u00e0 une vision \u00e9labor\u00e9e en coordination avec les services techniques du minist\u00e8re, englobant les diff\u00e9rents degr\u00e9s de juridictions\u00a0\u00bb, a-t-il soutenu, ajoutant que cette vision \u00ab\u00a0tient compte du d\u00e9veloppement des pratiques utilis\u00e9es de par le monde en fonction\u00a0<\/p>\n<p>des outils technologiques disponibles\u00a0\u00bb.<\/p>\n<p>Dans ce sens, M. Zeghmati a demand\u00e9 aux participants de se \u00ab\u00a0pr\u00e9parer pour cette \u00e9tape\u00a0\u00bb, arguant \u00ab\u00a0nous comptons sur votre ferme engagement et votre conviction de l&rsquo;importance de cette d\u00e9marche\u00a0\u00bb.La Constitution \u00ab\u00a0a jet\u00e9 les fondements d&rsquo;un Etat social, de par les\u00a0<\/p>\n<p>avantages et les aides publiques qu&rsquo;il offre et les projets d&rsquo;utilit\u00e9 publique\u00a0\u00bb, estimant que \u00ab\u00a0la r\u00e9alisation d&rsquo;un \u00e9quilibre entre les parties en litige (administration et citoyen) n&rsquo;exige en aucun cas la n\u00e9gligence ou un manque de vigilance pour prot\u00e9ger l&rsquo;int\u00e9r\u00eat g\u00e9n\u00e9ral dans le cadre de la loi\u00a0\u00bb. \u00ab\u00a0Il est demand\u00e9 du juge administratif de contribuer \u00e0 la pr\u00e9servation de l&rsquo;Etat social y compris la protection de l&rsquo;int\u00e9r\u00eat du citoyen\u00a0\u00bb, a-t-il ajout\u00e9.<\/p>\n<p>Parmi les volets de protection de l&rsquo;Etat social \u00ab\u00a0la contribution \u00e0 la lutte contre la corruption dans le cadre de la lutte contre la corruption\u00a0<\/p>\n<p>dans le cadre des m\u00e9canismes garantis par la loi\u00a0\u00bb, rappelant avoir d\u00e9j\u00e0 affirm\u00e9, depuis aout 2019, qu&rsquo;il est inutile de nier le ph\u00e9nom\u00e8ne de\u00a0<\/p>\n<p>corruption qui frappe nos administrations et entreprises publiques qui a alt\u00e9r\u00e9 sa r\u00e9putation et celle de ses fonctionnaires, et impact\u00e9 son efficacit\u00e9 et fait perdre la confiance du citoyen\u00a0\u00bb.Il a pr\u00e9cis\u00e9, dans le m\u00eame cadre, que dans la conjoncture que traverse notre pays, une grande responsabilit\u00e9 incombait \u00e0 la justice administrative pour contribuer s\u00e9rieusement \u00e0 la lutte contre ce ph\u00e9nom\u00e8ne abject en d\u00e9non\u00e7ant et en frappant de nullit\u00e9 les d\u00e9cisions ill\u00e9gales conform\u00e9ment \u00e0 la loi et en toute neutralit\u00e9 et ind\u00e9pendance, a-t-il soulign\u00e9.<\/p>\n<p>Le ministre a, dans ce cadre, salu\u00e9 la proposition de renforcement des pr\u00e9rogatives du commissaire d&rsquo;Etat en lui conf\u00e9rant le pouvoir de saisir le parquet concernant les crimes de corruption\u00a0\u00bb, pr\u00e9cisant que cette question sera examin\u00e9e lors de l&rsquo;atelier consacr\u00e9 \u00e0 l&rsquo;amendement du code de proc\u00e9dure civile et administrative, au m\u00eame titre que \u00ab\u00a0la possibilit\u00e9 de conf\u00e9rer au commissaire d&rsquo;Etat le pouvoir de faire appel de d\u00e9cisions, notamment lorsqu&rsquo;il rel\u00e8ve un manque d&rsquo;int\u00e9r\u00eat et de s\u00e9rieux de la part du repr\u00e9sentant de l&rsquo;administration en charge de la gestion du litige dans l&rsquo;usage des voies de recours\u00a0\u00bb.<\/p>\n<p>Une \u00e9tude r\u00e9alis\u00e9e par le Conseil d&rsquo;Etat et la Centre de recherche juridique et judiciaire a fait ressort de graves dysfonctionnements en la\u00a0<\/p>\n<p>mati\u00e8re, a-t-il dit.Evoquant la justice administrative, le Garde des sceaux a mis en avant son importance dans le syst\u00e8me constitutionnel alg\u00e9rien, rappelant, dans ce cadre, que l&rsquo;article 161 de la loi fondamentale lui conf\u00e9rait le pouvoir de \u00ab\u00a0conna\u00eetre des recours \u00e0 l&rsquo;encontre des actes des autorit\u00e9s administratives\u00a0\u00bb.<\/p>\n<p>D\u00e8s lors que le litige administratif oppose une partie forte, l&rsquo;administration, et une partie faible, le citoyen, \u00ab\u00a0la justice administrative demeure l&rsquo;ultime recours pour cette partie faible\u00a0\u00bb, d&rsquo;autant que \u00ab\u00a0la plupart des recours restent sans suite en raison de l&rsquo;inaction de\u00a0<\/p>\n<p>l&rsquo;administration\u00a0\u00bb, a soutenu M. Zeghmati.<\/p>\n<p>La programmation de cette rencontre avec les pr\u00e9sidents et commissaires d&rsquo;Etat pr\u00e8s des tribunaux administratifs s&rsquo;inscrit dans le cadre de la promotion de la justice administrative, de l&rsquo;am\u00e9lioration de la qualit\u00e9 de l&rsquo;action judiciaire, du d\u00e9veloppement de l&rsquo;arsenal juridique et de la\u00a0 modernisation des instruments de gestion, dont la num\u00e9risation des proc\u00e9dures judiciaires, a-t-il conclu.(APS)<\/p>\n<p>Auteur: elmoudjahid<br \/>\n<a href=\"http:\/\/www.elmoudjahid.com\/fr\/actualites\/149809\">Cliquez ici pour lire l&rsquo;article depuis sa source.<\/a><\/p>\n","protected":false},"excerpt":{"rendered":"<p>Dans une allocution \u00e0 l&rsquo;occasion de l&rsquo;ouverture des travaux de la r\u00e9union des pr\u00e9sidents et des commissaires d&rsquo;Etat pr\u00e8s les tribunaux\u00a0 administratifs, M. Zeghmati a pass\u00e9 en revue la feuille de route du secteur de la Justice \u00e9labor\u00e9e dans le cadre du Plan d&rsquo;action du Gouvernement pour la mise en \u0153uvre du programme du Pr\u00e9sident [&hellip;]<\/p>\n","protected":false},"author":1744,"featured_media":0,"comment_status":"closed","ping_status":"closed","sticky":false,"template":"","format":"standard","meta":{"fifu_image_url":"","fifu_image_alt":"","footnotes":""},"categories":[73,53],"tags":[],"class_list":["post-79049","post","type-post","status-publish","format-standard","hentry","category-actualite","category-algerie"],"_links":{"self":[{"href":"https:\/\/linitiative.ca\/International\/wp-json\/wp\/v2\/posts\/79049","targetHints":{"allow":["GET"]}}],"collection":[{"href":"https:\/\/linitiative.ca\/International\/wp-json\/wp\/v2\/posts"}],"about":[{"href":"https:\/\/linitiative.ca\/International\/wp-json\/wp\/v2\/types\/post"}],"author":[{"embeddable":true,"href":"https:\/\/linitiative.ca\/International\/wp-json\/wp\/v2\/users\/1744"}],"replies":[{"embeddable":true,"href":"https:\/\/linitiative.ca\/International\/wp-json\/wp\/v2\/comments?post=79049"}],"version-history":[{"count":0,"href":"https:\/\/linitiative.ca\/International\/wp-json\/wp\/v2\/posts\/79049\/revisions"}],"wp:attachment":[{"href":"https:\/\/linitiative.ca\/International\/wp-json\/wp\/v2\/media?parent=79049"}],"wp:term":[{"taxonomy":"category","embeddable":true,"href":"https:\/\/linitiative.ca\/International\/wp-json\/wp\/v2\/categories?post=79049"},{"taxonomy":"post_tag","embeddable":true,"href":"https:\/\/linitiative.ca\/International\/wp-json\/wp\/v2\/tags?post=79049"}],"curies":[{"name":"wp","href":"https:\/\/api.w.org\/{rel}","templated":true}]}}