{"id":79052,"date":"2020-03-14T07:42:11","date_gmt":"2020-03-14T11:42:11","guid":{"rendered":"https:\/\/linitiative.ca\/International\/102984-mustapha-abdelhamid-kara-lorsque-l-handicap-n-a-qu-un-sens-le-triomphe\/"},"modified":"2020-03-14T07:42:11","modified_gmt":"2020-03-14T11:42:11","slug":"102984-mustapha-abdelhamid-kara-lorsque-l-handicap-n-a-qu-un-sens-le-triomphe","status":"publish","type":"post","link":"https:\/\/linitiative.ca\/International\/102984-mustapha-abdelhamid-kara-lorsque-l-handicap-n-a-qu-un-sens-le-triomphe\/","title":{"rendered":"Mustapha Abdelhamid Kara, lorsque l&rsquo;handicap n&rsquo;a qu&rsquo;un sens, le triomphe"},"content":{"rendered":"<div readability=\"40\">\n<p><strong>MOSTAGANEM &#8211; Le champion du monde de plong\u00e9e en piscine, Mustapha Abdelhamid Kara, est l\u2019un de ces jeunes aux besoins sp\u00e9cifiques qui ont r\u00e9ussi, \u00e0 force de volont\u00e9 et de pers\u00e9v\u00e9rance, \u00e0 devenir la fiert\u00e9 de l\u2019Alg\u00e9rie au niveau continental et international. Pour lui, rien n\u2019est impossible.<\/strong><\/p>\n<\/div>\n<div readability=\"107\">\n<p>Victime d\u2019un accident de la route alors qu\u2019il \u00e9tait encore enfant et qui a conduit \u00e0 l\u2019amputation de sa jambe droite, Kara a commenc\u00e9 sa carri\u00e8re sportive \u00e0 l\u2019\u00e2ge de 13 ans, en 1998. Il avait rejoint alors l\u2019association sportive En-Nasr pour les personnes aux besoins sp\u00e9cifiques pour pratiquer la natation dans la ville de Mostaganem.<\/p>\n<p>Apr\u00e8s six ann\u00e9es de travail acharn\u00e9 et d\u2019entra\u00eenements intensifs, il a acquis son premier titre national dans sa carri\u00e8re dans la sp\u00e9cialit\u00e9 du 50m dos. Puis, il a rejoint l\u2019\u00e9quipe nationale de natation pour les personnes aux besoins sp\u00e9cifiques.<\/p>\n<blockquote readability=\"13\">\n<p><em><strong>Apr\u00e8s 2004, Kara a d\u00e9croch\u00e9 le titre de champion d\u2019Alg\u00e9rie durant plusieurs saisons et dans plusieurs sp\u00e9cialit\u00e9s comme il a battu quatre records nationaux dans quatre sp\u00e9cialit\u00e9s et un record africain en 50m nage libre en 2009 (cat\u00e9gorie S9). Cet athl\u00e8te a \u00e9t\u00e9 sacr\u00e9, avec son \u00e9quipe En-Nasr, huit fois champion d\u2019Alg\u00e9rie et d\u00e9tient neuf coupes d\u2019Alg\u00e9rie, avant de rafler le titre mondial de plong\u00e9e en piscine pour handicap\u00e9s, en 2016 au Maroc.<\/strong><\/em><\/p>\n<\/blockquote>\n<p>La plong\u00e9e, entam\u00e9e en 2014 en qualit\u00e9 d\u2019amateur, a \u00e9t\u00e9 pour Mustapha Kara un nouveau challenge sportif, apr\u00e8s avoir ma\u00eetris\u00e9 la natation dans la plupart des sp\u00e9cialit\u00e9s.<\/p>\n<p class=\"c30\"><strong>Confiance en soi et pers\u00e9v\u00e9rance dans le travail<\/strong><\/p>\n<blockquote readability=\"13\">\n<p><em><strong>\u00ab\u00a0L&rsquo;handicap n&rsquo;a jamais \u00e9t\u00e9 synonyme d\u2019incapacit\u00e9, une raison pour ne jamais pratiquer un sport ou un pr\u00e9texte pour c\u00e9der \u00e0 la dure r\u00e9alit\u00e9 du quotidien\u00a0\u00bb, explique-t-il \u00e0 l\u2019APS. Ce sportif a transform\u00e9 la perte de sa jambe en \u00e9nergie positive, m\u00eal\u00e9e \u00e0 la r\u00e9solution et la confiance en soi, l\u2019affinant avec le travail et l\u2019assiduit\u00e9, devenant ainsi un exemple pour tous les jeunes sportifs aux besoins sp\u00e9cifiques.<\/strong><\/em><\/p>\n<\/blockquote>\n<p>De la natation \u00e0 la plong\u00e9e, puis \u00e0 l\u2019aide des handicap\u00e9s \u00e0 l\u2019int\u00e9gration sociale et apr\u00e8s 20 ans de comp\u00e9titions et de titres, Abdelhamid Kara a d\u00e9cid\u00e9 de mettre fin \u00e0 carri\u00e8re sportive et s\u2019est consacr\u00e9 enti\u00e8rement \u00e0 l\u2019association sportive En-Nasr dans le but d\u2019aider les personnes aux besoins sp\u00e9cifiques \u00e0 s\u2019int\u00e9grer dans la soci\u00e9t\u00e9 et \u00e0 la pratique du sport, leur apportant un soutien moral et mat\u00e9riel et leur transmettant son exp\u00e9rience et sa comp\u00e9tence dans le sport aquatique.<\/p>\n<p>Mustapha Abdelhamid Kara a indiqu\u00e9 que les sportifs des jeunes cat\u00e9gories aux besoins sp\u00e9cifiques repr\u00e9sentent l\u2019avenir du club et constituent l\u2019\u00e9lite nationale qui continuera \u00e0 d\u00e9crocher des titres continentaux et internationaux dans tous les sports pour personnes aux besoins sp\u00e9cifiques, sur les plans individuel et collectif.<\/p>\n<p>Loin de l\u2019activit\u00e9 sportive et associative, Kara travaille comme fonctionnaire \u00e0 l\u2019entreprise \u00ab\u00a0L\u2019Alg\u00e9rienne des Eaux\u00a0\u00bb. \u00ab\u00a0Les autres sportifs aux besoins sp\u00e9cifiques sont sans emploi et leurs clubs ne re\u00e7oivent pas d&rsquo;aides financi\u00e8res n\u00e9cessaires\u00a0\u00bb, a-t-il d\u00e9plor\u00e9.<\/p>\n<p>Il est \u00e0 signaler que quelques infrastructures sportives fr\u00e9quent\u00e9es par les personnes aux besoins sp\u00e9cifiques ne sont pas adapt\u00e9es \u00e0 la pratique du sport et sont d\u00e9pourvues de parcours ou d\u2019endroits d\u00e9di\u00e9s aux handicap\u00e9s. \u00ab\u00a0Ce qui multiplie la d\u00e9tresse des clubs dont les caisses restent vides. Et pourtant, ces formations sont riches par leurs titres et performances \u00e0 l\u2019actif de leurs champions\u00a0\u00bb, selon le m\u00eame interlocuteur.<\/p>\n<p>Le manque de moyens mat\u00e9riels a pouss\u00e9 l\u2019association En-Nasr, qui compte une \u00e9cole pour les jeunes cat\u00e9gories, \u00e0 se concentrer sur la natation et l\u2019entraide avec les autres associations et clubs locaux pour d\u00e9velopper les comp\u00e9tences et orienter les entra\u00eenements des sportifs vers la plong\u00e9e.<\/p>\n<blockquote readability=\"9\">\n<p><em><strong>Abdelhamid Kara souligne que \u00ab\u00a0les personnes aux besoins sp\u00e9cifiques doivent se concentrer sur les aspects positifs de leur vie et avec la volont\u00e9 et la pers\u00e9v\u00e9rance, rien n\u2019est impossible, car la volont\u00e9 de vaincre conduit au triomphe\u00a0\u00bb.<\/strong><\/em><\/p>\n<\/blockquote>\n<p>\u00ab\u00a0Pas de diff\u00e9rence entre les sportifs\u00a0\u00bb, affirme Mustapha Abdelhamid Kara, car \u00ab\u00a0l\u2019objectif, l\u2019ambition et la rage de vaincre sont les m\u00eames. Sur le terrain, ce sont le talent, la confiance en soi et l\u2019effort dans le travail qui feront la diff\u00e9rence\u00a0\u00bb.<\/p>\n<\/div>\n<p>Auteur:<br \/>\n<a href=\"http:\/\/www.aps.dz\/sport\/102984-mustapha-abdelhamid-kara-lorsque-l-handicap-n-a-qu-un-sens-le-triomphe?utm_source=feedburner&#038;utm_medium=feed&#038;utm_campaign=Feed%3A+aps-sport+%28APS+-+SPORT%29\">Cliquez ici pour lire l&rsquo;article depuis sa source.<\/a><\/p>\n","protected":false},"excerpt":{"rendered":"<p>MOSTAGANEM &#8211; Le champion du monde de plong\u00e9e en piscine, Mustapha Abdelhamid Kara, est l\u2019un de ces jeunes aux besoins sp\u00e9cifiques qui ont r\u00e9ussi, \u00e0 force de volont\u00e9 et de pers\u00e9v\u00e9rance, \u00e0 devenir la fiert\u00e9 de l\u2019Alg\u00e9rie au niveau continental et international. Pour lui, rien n\u2019est impossible. Victime d\u2019un accident de la route alors qu\u2019il [&hellip;]<\/p>\n","protected":false},"author":1790,"featured_media":0,"comment_status":"closed","ping_status":"closed","sticky":false,"template":"","format":"standard","meta":{"fifu_image_url":"","fifu_image_alt":"","footnotes":""},"categories":[53,75],"tags":[],"class_list":["post-79052","post","type-post","status-publish","format-standard","hentry","category-algerie","category-sport"],"_links":{"self":[{"href":"https:\/\/linitiative.ca\/International\/wp-json\/wp\/v2\/posts\/79052","targetHints":{"allow":["GET"]}}],"collection":[{"href":"https:\/\/linitiative.ca\/International\/wp-json\/wp\/v2\/posts"}],"about":[{"href":"https:\/\/linitiative.ca\/International\/wp-json\/wp\/v2\/types\/post"}],"author":[{"embeddable":true,"href":"https:\/\/linitiative.ca\/International\/wp-json\/wp\/v2\/users\/1790"}],"replies":[{"embeddable":true,"href":"https:\/\/linitiative.ca\/International\/wp-json\/wp\/v2\/comments?post=79052"}],"version-history":[{"count":0,"href":"https:\/\/linitiative.ca\/International\/wp-json\/wp\/v2\/posts\/79052\/revisions"}],"wp:attachment":[{"href":"https:\/\/linitiative.ca\/International\/wp-json\/wp\/v2\/media?parent=79052"}],"wp:term":[{"taxonomy":"category","embeddable":true,"href":"https:\/\/linitiative.ca\/International\/wp-json\/wp\/v2\/categories?post=79052"},{"taxonomy":"post_tag","embeddable":true,"href":"https:\/\/linitiative.ca\/International\/wp-json\/wp\/v2\/tags?post=79052"}],"curies":[{"name":"wp","href":"https:\/\/api.w.org\/{rel}","templated":true}]}}