{"id":79053,"date":"2020-03-14T12:42:00","date_gmt":"2020-03-14T16:42:00","guid":{"rendered":"https:\/\/linitiative.ca\/International\/capacites-de-production-saidal-elabore-un-plan-de-relance\/"},"modified":"2020-03-14T12:42:00","modified_gmt":"2020-03-14T16:42:00","slug":"capacites-de-production-saidal-elabore-un-plan-de-relance","status":"publish","type":"post","link":"https:\/\/linitiative.ca\/International\/capacites-de-production-saidal-elabore-un-plan-de-relance\/","title":{"rendered":"CAPACITES DE PRODUCTION   : SAIDAL \u00e9labore  un plan de relance"},"content":{"rendered":"<p><br id=\"sep_para_1\" class=\"sep_para access\"\/><\/p>\n<div id=\"para_1\" class=\"para_35941281 resize\">\n<div class=\"texte access firstletter\">Le ministre de l\u2019Industrie et des Mines, Ferhat Ait Ali Braham a annonc\u00e9 \u00e0 Alger, l\u2019\u00e9laboration en cours part le gouvernement d\u2019un plan de relance du Groupe public de fabrication de m\u00e9dicaments et de produits pharmaceutiques \u00ab SAIDAL \u00bb en vue de renforcer ses capacit\u00e9s de production. Lors d\u2019une pl\u00e9ni\u00e8re consacr\u00e9e aux questions orales, tenue \u00e0 l\u2019Assembl\u00e9e populaire nationale (APN), M. Ait Ali Braham a fait \u00e9tat \u00ab d\u2019un plan gouvernemental visant \u00e0 relancer le Groupe SAIDAL au niveau national, en mati\u00e8re de fabrication de diff\u00e9rents m\u00e9dicaments, seul ou en partenariat avec les \u00e9trangers \u00bb, ajoutant que ce plan permettrait d\u2019atteindre l\u2019objectif \u00ab strat\u00e9gique \u00bb, \u00e0 savoir : la satisfaction des besoins nationaux en diff\u00e9rents m\u00e9dicaments, selon un compte-rendu de l\u2019agence officielle. Concernant la couverture par le complexe d\u2019antibiotiques de M\u00e9d\u00e9a, de la demande nationale sur les m\u00e9dicaments, le ministre a indiqu\u00e9 que ce complexe, relevant de SAIDAL, \u00ab a \u00e9t\u00e9 r\u00e9alis\u00e9 du temps du d\u00e9funt Pr\u00e9sident Boumedi\u00e8ne, \u00e0 l\u2019effet de satisfaire les besoins nationaux en antibiotiques. \u00bb \u00ab Ce complexe de production d\u2019antibiotiques fabrique 53 produits de diff\u00e9rentes doses, y compris 17 produits injectables et des antibiotiques, couvrant, ainsi, un taux d\u00e9passant 75% de la demande nationale sur ces produits \u00bb, a-t-il poursuivi. Ce m\u00eame complexe, ajoute le ministre, assure la fourniture des h\u00f4pitaux alg\u00e9riens \u00e0 hauteur d\u2019un tiers (1\/3) de sa production annuelle, \u00e0 travers la Pharmacie centrale des h\u00f4pitaux (PCH).<\/div>\n<\/div>\n<p>Auteur: Nadine<br \/>\n<a href=\"https:\/\/www.reflexiondz.net\/CAPACITES-DE-PRODUCTION-SAIDAL-elabore-un-plan-de-relance_a61273.html\">Cliquez ici pour lire l&rsquo;article depuis sa source.<\/a><\/p>\n","protected":false},"excerpt":{"rendered":"<p>Le ministre de l\u2019Industrie et des Mines, Ferhat Ait Ali Braham a annonc\u00e9 \u00e0 Alger, l\u2019\u00e9laboration en cours part le gouvernement d\u2019un plan de relance du Groupe public de fabrication de m\u00e9dicaments et de produits pharmaceutiques \u00ab SAIDAL \u00bb en vue de renforcer ses capacit\u00e9s de production. Lors d\u2019une pl\u00e9ni\u00e8re consacr\u00e9e aux questions orales, tenue [&hellip;]<\/p>\n","protected":false},"author":1740,"featured_media":0,"comment_status":"closed","ping_status":"closed","sticky":false,"template":"","format":"standard","meta":{"fifu_image_url":"","fifu_image_alt":"","footnotes":""},"categories":[53,76],"tags":[],"class_list":["post-79053","post","type-post","status-publish","format-standard","hentry","category-algerie","category-regions"],"_links":{"self":[{"href":"https:\/\/linitiative.ca\/International\/wp-json\/wp\/v2\/posts\/79053","targetHints":{"allow":["GET"]}}],"collection":[{"href":"https:\/\/linitiative.ca\/International\/wp-json\/wp\/v2\/posts"}],"about":[{"href":"https:\/\/linitiative.ca\/International\/wp-json\/wp\/v2\/types\/post"}],"author":[{"embeddable":true,"href":"https:\/\/linitiative.ca\/International\/wp-json\/wp\/v2\/users\/1740"}],"replies":[{"embeddable":true,"href":"https:\/\/linitiative.ca\/International\/wp-json\/wp\/v2\/comments?post=79053"}],"version-history":[{"count":0,"href":"https:\/\/linitiative.ca\/International\/wp-json\/wp\/v2\/posts\/79053\/revisions"}],"wp:attachment":[{"href":"https:\/\/linitiative.ca\/International\/wp-json\/wp\/v2\/media?parent=79053"}],"wp:term":[{"taxonomy":"category","embeddable":true,"href":"https:\/\/linitiative.ca\/International\/wp-json\/wp\/v2\/categories?post=79053"},{"taxonomy":"post_tag","embeddable":true,"href":"https:\/\/linitiative.ca\/International\/wp-json\/wp\/v2\/tags?post=79053"}],"curies":[{"name":"wp","href":"https:\/\/api.w.org\/{rel}","templated":true}]}}