{"id":79054,"date":"2020-03-14T12:42:00","date_gmt":"2020-03-14T16:42:00","guid":{"rendered":"https:\/\/linitiative.ca\/International\/tizi-ouzou-demantelement-dun-reseau-de-trafic-de-drogue\/"},"modified":"2020-03-14T12:42:00","modified_gmt":"2020-03-14T16:42:00","slug":"tizi-ouzou-demantelement-dun-reseau-de-trafic-de-drogue","status":"publish","type":"post","link":"https:\/\/linitiative.ca\/International\/tizi-ouzou-demantelement-dun-reseau-de-trafic-de-drogue\/","title":{"rendered":"TIZI-OUZOU  : D\u00e9mant\u00e8lement d\u2019un r\u00e9seau de trafic de drogue"},"content":{"rendered":"<p><br id=\"sep_para_1\" class=\"sep_para access\"\/><\/p>\n<div id=\"para_1\" class=\"para_35941260 resize\">\n<div class=\"texte access firstletter\">Un r\u00e9seau de malfaiteurs, sp\u00e9cialis\u00e9 dans le trafic de drogue a \u00e9t\u00e9 d\u00e9mantel\u00e9 cette semaine par la police, \u00e0 Tizi-Ouzou, a indiqu\u00e9, vendredi la s\u00fbret\u00e9 de wilaya dans un communiqu\u00e9. Agissant sur renseignements, les \u00e9l\u00e9ments de la brigade de recherches et d\u2019intervention de la police judiciaire (relevant de la s\u00fbret\u00e9 de wilaya), ont \u00a0\u00bb\u00e0 l\u2019issue d\u2019un travail d\u2019investigation, mis hors d\u2019\u00e9tat de nuire ce r\u00e9seau de malfaiteurs sp\u00e9cialis\u00e9s dans le trafic de drogue, compos\u00e9 de cinq (5) individus, \u00e2g\u00e9s de 26 \u00e0 45 ans, originaires de Tizi-Ouzou et Draa Ben Khedda\u00a0\u00bb, a-t-on pr\u00e9cis\u00e9 de m\u00eame source. Cette op\u00e9ration a permis la d\u00e9couverte et la saisie d\u2019une quantit\u00e9 de 160 grammes de Kif trait\u00e9 destin\u00e9 \u00e0 la commercialisation, une arme blanche, une moto utilis\u00e9e pour leurs d\u00e9placements, ainsi qu\u2019une somme d\u2019argent de 50 000 DA, revenu de la vente de drogues, a-t-on ajout\u00e9. Pr\u00e9sent\u00e9s au Parquet de Tizi-Ouzou, trois (3) mis en cause dans cette affaire, ont \u00e9t\u00e9 mis en d\u00e9tention pr\u00e9ventive et les deux (02) autres ont \u00e9t\u00e9 cit\u00e9s \u00e0 compara\u00eetre, pour le chef d&rsquo;accusation de \u00a0\u00bbd\u00e9tention de drogue \u00e0 des fins de commercialisation\u00a0\u00bb, est-il rapport\u00e9 dans le m\u00eame communiqu\u00e9.\u00a0\u00a0\u00a0\u00a0\u00a0\u00a0\u00a0\u00a0\u00a0\u00a0\u00a0\u00a0<\/div>\n<\/div>\n<p>Auteur: Nadine<br \/>\n<a href=\"https:\/\/www.reflexiondz.net\/TIZI-OUZOU-Demantelement-d-un-reseau-de-trafic-de-drogue_a61271.html\">Cliquez ici pour lire l&rsquo;article depuis sa source.<\/a><\/p>\n","protected":false},"excerpt":{"rendered":"<p>Un r\u00e9seau de malfaiteurs, sp\u00e9cialis\u00e9 dans le trafic de drogue a \u00e9t\u00e9 d\u00e9mantel\u00e9 cette semaine par la police, \u00e0 Tizi-Ouzou, a indiqu\u00e9, vendredi la s\u00fbret\u00e9 de wilaya dans un communiqu\u00e9. Agissant sur renseignements, les \u00e9l\u00e9ments de la brigade de recherches et d\u2019intervention de la police judiciaire (relevant de la s\u00fbret\u00e9 de wilaya), ont \u00a0\u00bb\u00e0 l\u2019issue [&hellip;]<\/p>\n","protected":false},"author":1740,"featured_media":0,"comment_status":"closed","ping_status":"closed","sticky":false,"template":"","format":"standard","meta":{"fifu_image_url":"","fifu_image_alt":"","footnotes":""},"categories":[53,76],"tags":[],"class_list":["post-79054","post","type-post","status-publish","format-standard","hentry","category-algerie","category-regions"],"_links":{"self":[{"href":"https:\/\/linitiative.ca\/International\/wp-json\/wp\/v2\/posts\/79054","targetHints":{"allow":["GET"]}}],"collection":[{"href":"https:\/\/linitiative.ca\/International\/wp-json\/wp\/v2\/posts"}],"about":[{"href":"https:\/\/linitiative.ca\/International\/wp-json\/wp\/v2\/types\/post"}],"author":[{"embeddable":true,"href":"https:\/\/linitiative.ca\/International\/wp-json\/wp\/v2\/users\/1740"}],"replies":[{"embeddable":true,"href":"https:\/\/linitiative.ca\/International\/wp-json\/wp\/v2\/comments?post=79054"}],"version-history":[{"count":0,"href":"https:\/\/linitiative.ca\/International\/wp-json\/wp\/v2\/posts\/79054\/revisions"}],"wp:attachment":[{"href":"https:\/\/linitiative.ca\/International\/wp-json\/wp\/v2\/media?parent=79054"}],"wp:term":[{"taxonomy":"category","embeddable":true,"href":"https:\/\/linitiative.ca\/International\/wp-json\/wp\/v2\/categories?post=79054"},{"taxonomy":"post_tag","embeddable":true,"href":"https:\/\/linitiative.ca\/International\/wp-json\/wp\/v2\/tags?post=79054"}],"curies":[{"name":"wp","href":"https:\/\/api.w.org\/{rel}","templated":true}]}}