{"id":79055,"date":"2020-03-14T12:42:00","date_gmt":"2020-03-14T16:42:00","guid":{"rendered":"https:\/\/linitiative.ca\/International\/mohamed-charfi-affirme-la-presidentielle-a-ete-salvatrice-pour-lalgerie\/"},"modified":"2020-03-14T12:42:00","modified_gmt":"2020-03-14T16:42:00","slug":"mohamed-charfi-affirme-la-presidentielle-a-ete-salvatrice-pour-lalgerie","status":"publish","type":"post","link":"https:\/\/linitiative.ca\/International\/mohamed-charfi-affirme-la-presidentielle-a-ete-salvatrice-pour-lalgerie\/","title":{"rendered":"MOHAMED CHARFI  AFFIRME : \u2018\u2019La pr\u00e9sidentielle a \u00e9t\u00e9 salvatrice pour l\u2019Alg\u00e9rie\u2019\u2019"},"content":{"rendered":"<p><br id=\"sep_para_1\" class=\"sep_para access\"\/><\/p>\n<div id=\"para_1\" class=\"para_35941254 resize\">\n<div class=\"texte access firstletter\">S\u2019exprimant lors d\u2019une c\u00e9r\u00e9monie qui honore les m\u00e9rites des coordinateurs de l\u2019ANIE des wilayas d\u2019Ouargla, Laghouat et Gharda\u00efa ainsi que les d\u00e9l\u00e9gu\u00e9s communaux de la wilaya de Gharda\u00efa, M. Charfi a rappel\u00e9 succinctement les missions de l\u2019Instance qu\u2019il dirige en soulignant sa disponibilit\u00e9 \u00e0 contribuer au renforcement du processus d\u00e9mocratique de l\u2019Alg\u00e9rie Nouvelle. Pour le Pr\u00e9sident de l\u2019ANIE : \u00ab\u00a0il convient, aux cadres de l\u2019ANIE de se pr\u00e9parer avec abn\u00e9gation et d\u2019\u00eatre au diapason des conditions exig\u00e9es en mati\u00e8re de transparence et de respect des r\u00e8gles d\u00e9mocratiques aux prochaines \u00e9ch\u00e9ances, en l\u2019occurrence la r\u00e9vision de la Constitution, l\u2019organisation du prochain r\u00e9f\u00e9rendum sur la nouvelle Constitution et, enfin, la pr\u00e9paration des \u00e9lections l\u00e9gislatives et communales\u00a0\u00bb. Parlant du Hirak, Charfi a estim\u00e9 que ce mouvement \u2018\u2019Hirak\u2019\u2019 est \u2018\u2019un prolongement de la r\u00e9volution du 1er\u00a0 novembre\u2018\u2019 et \u2018\u2019un acquis pour le peuple alg\u00e9rien\u2019\u2019, il constitue, a-t-il ajout\u00e9 \u2019\u2019une force de changement et de propositions pour l\u2019\u00e9dification d\u2019un Etat d\u00e9mocratique\u2019\u2019. \u2018\u2019ANIE est issue du Hirak, j\u2019encourage ce mouvement pour construire une Alg\u00e9rie forte\u2019\u2019, a-t-il soulign\u00e9, soutenant que ce mouvement issu du peuple et d\u00e9fend les int\u00e9r\u00eats du peuple alg\u00e9rien constitue une force pour construire une nouvelle Alg\u00e9rie d\u00e9mocratique. Nous devons pr\u00e9server cet acquis \u2018\u2019 Hirak\u2019\u2019 immunis\u00e9 contre toute infiltration, il est au service du peuple alg\u00e9rien, a-t-il conclu. Auparavant, M. Charfi s\u2019est r\u00e9uni \u00e0 huis-clos avec les cadres et membres locaux de l\u2019ANEI avant de rencontrer tard dans la soir\u00e9e les notables de la r\u00e9gion de Daya Ben Dahoua. Le chef de l\u2019ANEI devra \u00e9galement rencontrer samedi les notables de la r\u00e9gion de Metlili et les membres de la Fondation des Chanbaa avant de se r\u00e9unir avec les membres du Korti, une instance sociale de la communaut\u00e9 du rite Ibadite de Gharda\u00efa.<\/div>\n<\/div>\n<p>Auteur: Ismain<br \/>\n<a href=\"https:\/\/www.reflexiondz.net\/MOHAMED-CHARFI-AFFIRME-La-presidentielle-a-ete-salvatrice-pour-l-Algerie_a61270.html\">Cliquez ici pour lire l&rsquo;article depuis sa source.<\/a><\/p>\n","protected":false},"excerpt":{"rendered":"<p>S\u2019exprimant lors d\u2019une c\u00e9r\u00e9monie qui honore les m\u00e9rites des coordinateurs de l\u2019ANIE des wilayas d\u2019Ouargla, Laghouat et Gharda\u00efa ainsi que les d\u00e9l\u00e9gu\u00e9s communaux de la wilaya de Gharda\u00efa, M. Charfi a rappel\u00e9 succinctement les missions de l\u2019Instance qu\u2019il dirige en soulignant sa disponibilit\u00e9 \u00e0 contribuer au renforcement du processus d\u00e9mocratique de l\u2019Alg\u00e9rie Nouvelle. Pour le [&hellip;]<\/p>\n","protected":false},"author":1740,"featured_media":0,"comment_status":"closed","ping_status":"closed","sticky":false,"template":"","format":"standard","meta":{"fifu_image_url":"","fifu_image_alt":"","footnotes":""},"categories":[53,76],"tags":[],"class_list":["post-79055","post","type-post","status-publish","format-standard","hentry","category-algerie","category-regions"],"_links":{"self":[{"href":"https:\/\/linitiative.ca\/International\/wp-json\/wp\/v2\/posts\/79055","targetHints":{"allow":["GET"]}}],"collection":[{"href":"https:\/\/linitiative.ca\/International\/wp-json\/wp\/v2\/posts"}],"about":[{"href":"https:\/\/linitiative.ca\/International\/wp-json\/wp\/v2\/types\/post"}],"author":[{"embeddable":true,"href":"https:\/\/linitiative.ca\/International\/wp-json\/wp\/v2\/users\/1740"}],"replies":[{"embeddable":true,"href":"https:\/\/linitiative.ca\/International\/wp-json\/wp\/v2\/comments?post=79055"}],"version-history":[{"count":0,"href":"https:\/\/linitiative.ca\/International\/wp-json\/wp\/v2\/posts\/79055\/revisions"}],"wp:attachment":[{"href":"https:\/\/linitiative.ca\/International\/wp-json\/wp\/v2\/media?parent=79055"}],"wp:term":[{"taxonomy":"category","embeddable":true,"href":"https:\/\/linitiative.ca\/International\/wp-json\/wp\/v2\/categories?post=79055"},{"taxonomy":"post_tag","embeddable":true,"href":"https:\/\/linitiative.ca\/International\/wp-json\/wp\/v2\/tags?post=79055"}],"curies":[{"name":"wp","href":"https:\/\/api.w.org\/{rel}","templated":true}]}}