{"id":79056,"date":"2020-03-14T12:42:00","date_gmt":"2020-03-14T16:42:00","guid":{"rendered":"https:\/\/linitiative.ca\/International\/kamel-fennich-a-affirme-la-prochaine-constitution-contribuera-au-fondement-dune-nouvelle-republique\/"},"modified":"2020-03-14T12:42:00","modified_gmt":"2020-03-14T16:42:00","slug":"kamel-fennich-a-affirme-la-prochaine-constitution-contribuera-au-fondement-dune-nouvelle-republique","status":"publish","type":"post","link":"https:\/\/linitiative.ca\/International\/kamel-fennich-a-affirme-la-prochaine-constitution-contribuera-au-fondement-dune-nouvelle-republique\/","title":{"rendered":"KAMEL FENNICH A AFFIRME : \u2018\u2019La prochaine Constitution contribuera au fondement d\u2019une nouvelle R\u00e9publique\u2019\u2019"},"content":{"rendered":"<p><br id=\"sep_para_1\" class=\"sep_para access\"\/><\/p>\n<div id=\"para_1\" class=\"para_35941225 resize\">\n<div class=\"texte access firstletter\">Le pr\u00e9sident du Conseil constitutionnel, Kamel Fennich a affirm\u00e9 jeudi \u00e0 S\u00e9tif que la Constitution amend\u00e9e contribuera \u00e0 \u00abrattraper toutes les lacunes et insuffisances et jettera les fondements d\u2019une nouvelle R\u00e9publique qui repose sur les principes de justice, de d\u00e9mocratie et d\u2019\u00e9galit\u00e9 o\u00f9 le peuple est source de tout le pouvoir \u00bb. Le pr\u00e9sident du Conseil constitutionnel a rappel\u00e9 que le pr\u00e9sident de la R\u00e9publique a opt\u00e9 pour la pr\u00e9sentation du projet d\u2019amendement de la Constitution au deux chambres du parlement avant de le soumettre \u00e0 r\u00e9f\u00e9rendum populaire, estimant que cette proc\u00e9dure est \u00abla plus transparente et la plus efficiente et exprime fid\u00e8lement le contenu des deux articles 7 et 8 de la Constitution qui disposent que le peuple est la source du pouvoir\u00bb. Il a \u00e9galement estim\u00e9 que \u00able Hirak populaire a contribu\u00e9 \u00e0 lancer une vision nouvelle de l\u2019Alg\u00e9rie des droits et des libert\u00e9s\u2026 \u00bb, rappelant par la m\u00eame que le chef de l\u2019Etat s\u2019est engag\u00e9 \u00e0 proc\u00e9der \u00e0 un amendement global de la Constitution en r\u00e9ponse aux aspirations du peuple vers l\u2019\u00e9dification d\u2019un Etat o\u00f9 r\u00e8gnent la justice et la loi.\u00a0\u00a0\u00a0\u00a0\u00a0\u00a0\u00a0\u00a0\u00a0\u00a0\u00a0\u00a0\u00a0\u00a0\u00a0\u00a0\u00a0\u00a0\u00a0\u00a0<\/div>\n<\/div>\n<p>Auteur: Ismain<br \/>\n<a href=\"https:\/\/www.reflexiondz.net\/KAMEL-FENNICH-A-AFFIRME-La-prochaine-Constitution-contribuera-au-fondement-d-une-nouvelle-Republique_a61269.html\">Cliquez ici pour lire l&rsquo;article depuis sa source.<\/a><\/p>\n","protected":false},"excerpt":{"rendered":"<p>Le pr\u00e9sident du Conseil constitutionnel, Kamel Fennich a affirm\u00e9 jeudi \u00e0 S\u00e9tif que la Constitution amend\u00e9e contribuera \u00e0 \u00abrattraper toutes les lacunes et insuffisances et jettera les fondements d\u2019une nouvelle R\u00e9publique qui repose sur les principes de justice, de d\u00e9mocratie et d\u2019\u00e9galit\u00e9 o\u00f9 le peuple est source de tout le pouvoir \u00bb. Le pr\u00e9sident du [&hellip;]<\/p>\n","protected":false},"author":1740,"featured_media":0,"comment_status":"closed","ping_status":"closed","sticky":false,"template":"","format":"standard","meta":{"fifu_image_url":"","fifu_image_alt":"","footnotes":""},"categories":[53,76],"tags":[],"class_list":["post-79056","post","type-post","status-publish","format-standard","hentry","category-algerie","category-regions"],"_links":{"self":[{"href":"https:\/\/linitiative.ca\/International\/wp-json\/wp\/v2\/posts\/79056","targetHints":{"allow":["GET"]}}],"collection":[{"href":"https:\/\/linitiative.ca\/International\/wp-json\/wp\/v2\/posts"}],"about":[{"href":"https:\/\/linitiative.ca\/International\/wp-json\/wp\/v2\/types\/post"}],"author":[{"embeddable":true,"href":"https:\/\/linitiative.ca\/International\/wp-json\/wp\/v2\/users\/1740"}],"replies":[{"embeddable":true,"href":"https:\/\/linitiative.ca\/International\/wp-json\/wp\/v2\/comments?post=79056"}],"version-history":[{"count":0,"href":"https:\/\/linitiative.ca\/International\/wp-json\/wp\/v2\/posts\/79056\/revisions"}],"wp:attachment":[{"href":"https:\/\/linitiative.ca\/International\/wp-json\/wp\/v2\/media?parent=79056"}],"wp:term":[{"taxonomy":"category","embeddable":true,"href":"https:\/\/linitiative.ca\/International\/wp-json\/wp\/v2\/categories?post=79056"},{"taxonomy":"post_tag","embeddable":true,"href":"https:\/\/linitiative.ca\/International\/wp-json\/wp\/v2\/tags?post=79056"}],"curies":[{"name":"wp","href":"https:\/\/api.w.org\/{rel}","templated":true}]}}