{"id":79057,"date":"2020-03-14T12:45:00","date_gmt":"2020-03-14T16:45:00","guid":{"rendered":"https:\/\/linitiative.ca\/International\/naima-salhi-prete-a-renoncer-a-son-immunite-parlementaire\/"},"modified":"2020-03-14T12:45:00","modified_gmt":"2020-03-14T16:45:00","slug":"naima-salhi-prete-a-renoncer-a-son-immunite-parlementaire","status":"publish","type":"post","link":"https:\/\/linitiative.ca\/International\/naima-salhi-prete-a-renoncer-a-son-immunite-parlementaire\/","title":{"rendered":"Naima Salhi pr\u00eate \u00e0 renoncer \u00e0 son immunit\u00e9 parlementaire !"},"content":{"rendered":"<p><br id=\"sep_para_1\" class=\"sep_para access\"\/><\/p>\n<div id=\"para_1\" class=\"para_35941298 resize\">\n<div class=\"texte access firstletter\">Dans une vid\u00e9o publi\u00e9e via sa page Facebook, Naima Salhi propose de renoncer \u00e0 son immunit\u00e9 parlementaire \u00e0 condition, que le proc\u00e8s se fera en public et devant tous les Alg\u00e9riens. Pour rappel, l\u2019instruction de la plainte d\u00e9pos\u00e9e par les avocats Salim CHAIT, Kader HOUALI et Sofiane DEKKAL contre la pr\u00e9sidente du parti pour l\u2019\u00e9quit\u00e9 et la proclamation ( PEP), Mme Naima SALHI, pour \u00ab incitation \u00e0 la haine raciale et appel au meurtre \u00bb via sa page officielle Facebook \u00e0 travers des vid\u00e9os et des publications, est engag\u00e9e et prise en charge apr\u00e8s 8 mois d\u2019attente par la justice contre cette \u2018\u2019extr\u00e9miste\u2019\u2019 politique qui ne cesse de faire parler d\u2019elle. A noter que, \u00e9tant d\u00e9put\u00e9, tout proc\u00e8s contre Naima Salhi doit d\u2019abord passer par la proc\u00e9dure de la lev\u00e9e de l\u2019immunit\u00e9 parlementaire.<\/div>\n<\/div>\n<p>Auteur: R\u00e9flexion<br \/>\n<a href=\"https:\/\/www.reflexiondz.net\/Naima-Salhi-prete-a-renoncer-a-son-immunite-parlementaire-_a61276.html\">Cliquez ici pour lire l&rsquo;article depuis sa source.<\/a><\/p>\n","protected":false},"excerpt":{"rendered":"<p>Dans une vid\u00e9o publi\u00e9e via sa page Facebook, Naima Salhi propose de renoncer \u00e0 son immunit\u00e9 parlementaire \u00e0 condition, que le proc\u00e8s se fera en public et devant tous les Alg\u00e9riens. Pour rappel, l\u2019instruction de la plainte d\u00e9pos\u00e9e par les avocats Salim CHAIT, Kader HOUALI et Sofiane DEKKAL contre la pr\u00e9sidente du parti pour l\u2019\u00e9quit\u00e9 [&hellip;]<\/p>\n","protected":false},"author":1740,"featured_media":0,"comment_status":"closed","ping_status":"closed","sticky":false,"template":"","format":"standard","meta":{"fifu_image_url":"","fifu_image_alt":"","footnotes":""},"categories":[53,76],"tags":[],"class_list":["post-79057","post","type-post","status-publish","format-standard","hentry","category-algerie","category-regions"],"_links":{"self":[{"href":"https:\/\/linitiative.ca\/International\/wp-json\/wp\/v2\/posts\/79057","targetHints":{"allow":["GET"]}}],"collection":[{"href":"https:\/\/linitiative.ca\/International\/wp-json\/wp\/v2\/posts"}],"about":[{"href":"https:\/\/linitiative.ca\/International\/wp-json\/wp\/v2\/types\/post"}],"author":[{"embeddable":true,"href":"https:\/\/linitiative.ca\/International\/wp-json\/wp\/v2\/users\/1740"}],"replies":[{"embeddable":true,"href":"https:\/\/linitiative.ca\/International\/wp-json\/wp\/v2\/comments?post=79057"}],"version-history":[{"count":0,"href":"https:\/\/linitiative.ca\/International\/wp-json\/wp\/v2\/posts\/79057\/revisions"}],"wp:attachment":[{"href":"https:\/\/linitiative.ca\/International\/wp-json\/wp\/v2\/media?parent=79057"}],"wp:term":[{"taxonomy":"category","embeddable":true,"href":"https:\/\/linitiative.ca\/International\/wp-json\/wp\/v2\/categories?post=79057"},{"taxonomy":"post_tag","embeddable":true,"href":"https:\/\/linitiative.ca\/International\/wp-json\/wp\/v2\/tags?post=79057"}],"curies":[{"name":"wp","href":"https:\/\/api.w.org\/{rel}","templated":true}]}}