{"id":79060,"date":"2020-03-13T15:05:00","date_gmt":"2020-03-13T19:05:00","guid":{"rendered":"https:\/\/linitiative.ca\/International\/56e-vendredi-de-mobilisation-populaire-une-journee-de-defi\/"},"modified":"2020-03-13T15:05:00","modified_gmt":"2020-03-13T19:05:00","slug":"56e-vendredi-de-mobilisation-populaire-une-journee-de-defi","status":"publish","type":"post","link":"https:\/\/linitiative.ca\/International\/56e-vendredi-de-mobilisation-populaire-une-journee-de-defi\/","title":{"rendered":"56e vendredi de mobilisation populaire : Une journ\u00e9e de d\u00e9fi"},"content":{"rendered":"<p><br class=\"autobr\"\/><strong>En d\u00e9pit du risque que repr\u00e9sente l\u2019\u00e9pid\u00e9mie du coronavirus, les Alg\u00e9riens ne sont pas pr\u00eats \u00e0 abandonner leur hirak et comptent aller au bout de leurs revendications.<\/strong><\/p>\n<p><br class=\"autobr\"\/><br \/>\nDes milliers de manifestants \u00e9taient au rendez-vous. Il s\u2019agit du 56e vendredi cons\u00e9cutif de manifestation du hirak, le mouvement populaire de contestation du r\u00e9gime dont l\u2019Alg\u00e9rie est le th\u00e9\u00e2tre depuis plus d\u2019une ann\u00e9e.<\/p>\n<p><br class=\"autobr\"\/><br \/>\nUne foule immense a d\u00e9fil\u00e9, ce vendredi \u00e0 Alger, contre le pouvoir pour le 56e vendredi. Les manifestants, qui r\u00e9clament un changement radical ont entam\u00e9 leur marche hebdomadaire apr\u00e8s la pri\u00e8re du vendredi depuis la mosqu\u00e9e El Rahma, l\u2019un des points de regroupement des hirakistes. Une vague de manifestants a d\u00e9ferl\u00e9 sur la rue Didouche-Mourad en scandant \u00ab\u00a0Qolna el \u00eessaba t\u2019roh, ya ehnaya ya entouma\u00a0!\u00a0\u00bb (On a dit la bande doit partir, c\u2019est nous ou vous).<\/p>\n<blockquote readability=\"9\">\n<p><br class=\"autobr\"\/><em><strong><span class=\"c5\">\u00ab\u00a0winek winek ya adala\u00a0\u00bb (o\u00f9 est- tu justice) ont scand\u00e9 les protestataires, relayant un appel \u00e0 une autre marche le samedi, diffus\u00e9 sur les r\u00e9seaux sociaux. \u00ab\u00a0ghodwa ala wehda kayen massira\u00a0\u00bb ( demain \u00e0 13h il y a une marche) ont scand\u00e9 les manifestants.<\/span><\/strong><\/em><\/p>\n<\/blockquote>\n<p><br class=\"autobr\"\/><br \/>\nPlusieurs pancartes portant des slogans et des messages allant dans ce sens ont marqu\u00e9 la marche de ce jeudi. \u00ab\u00a0Samedi je marche pour la libert\u00e9\u00a0\u00bb, \u00ab\u00a0un seul peuple, un seul objectif\u00a0\u00bb, lit-on sur certaines enseignes.<\/p>\n<blockquote readability=\"10\">\n<p><br class=\"autobr\"\/><em><strong><span class=\"c5\">Nacer, fonctionnaire de son \u00e9tat, a r\u00e9v\u00e9l\u00e9 au Jeune Ind\u00e9pendant dans cette d\u00e9claration son engagement pour la r\u00e9volution\u00a0: \u00ab\u00a0Il n\u2019est pas normal qu\u2019on n\u2019\u00e9coute pas tout ce monde qui r\u00e9clame son droit d\u2019esp\u00e9rer \u00e0 une vraie vie d\u00e9mocratique en Alg\u00e9rie depuis plus d\u2019une ann\u00e9e. On restera dans la rue et on n\u2019abandonnera jamais notre r\u00e9volution\u00a0\u00bb mart\u00e8le-t-il.<\/span><\/strong><\/em><\/p>\n<\/blockquote>\n<p><br class=\"autobr\"\/><br \/>\nDe son c\u00f4t\u00e9 Faiza, sexag\u00e9naire retrait\u00e9e, a exprim\u00e9 son admiration envers le hirak\u00a0: \u00ab\u00a0Je suis tr\u00e8s impressionn\u00e9e par cette r\u00e9volution. Ce syst\u00e8me a \u00e9t\u00e9 fini le jour o\u00f9 le peuple a montr\u00e9 son unit\u00e9 et sa solidarit\u00e9 et maintenant rien ne pourra l\u2019arr\u00eater\u00a0\u00bb, ass\u00e8ne-t-elle, drap\u00e9e dans l\u2019embl\u00e8me national. \u00ab\u00a0J\u2019ai un seul objectif, la d\u00e9mocratie et la libert\u00e9. Il faut continuer \u00e0 maintenir la pression et comprendre que le changement ce n\u2019est pour demain. On doit avoir le souffle encore long\u00a0\u00bb conclut-elle son propos.Le long cort\u00e8ge s\u2019est dispers\u00e9 dans le calme en fin d\u2019apr\u00e8s-midi.<\/p>\n<p><br class=\"autobr\"\/><span class=\"c6\">lire aussi\u00a0:<\/span> <a href=\"http:\/\/www.jeune-independant.net\/Vendredi-54-La-mobilisation-au.html\" target=\"_blank\" rel=\"noopener noreferrer\"><span class=\"c6\">VENDREDI 54\u00a0: LA MOBILISATION AU RENDEZ-VOUS<\/span><\/a><\/p>\n<p>Auteur: Boudjedri<br \/>\n<a href=\"http:\/\/www.jeune-independant.net\/56e-vendredi-de-mobilisation.html\">Cliquez ici pour lire l&rsquo;article depuis sa source.<\/a><\/p>\n","protected":false},"excerpt":{"rendered":"<p>En d\u00e9pit du risque que repr\u00e9sente l\u2019\u00e9pid\u00e9mie du coronavirus, les Alg\u00e9riens ne sont pas pr\u00eats \u00e0 abandonner leur hirak et comptent aller au bout de leurs revendications. Des milliers de manifestants \u00e9taient au rendez-vous. Il s\u2019agit du 56e vendredi cons\u00e9cutif de manifestation du hirak, le mouvement populaire de contestation du r\u00e9gime dont l\u2019Alg\u00e9rie est le [&hellip;]<\/p>\n","protected":false},"author":1737,"featured_media":0,"comment_status":"closed","ping_status":"closed","sticky":false,"template":"","format":"standard","meta":{"fifu_image_url":"","fifu_image_alt":"","footnotes":""},"categories":[73,53],"tags":[],"class_list":["post-79060","post","type-post","status-publish","format-standard","hentry","category-actualite","category-algerie"],"_links":{"self":[{"href":"https:\/\/linitiative.ca\/International\/wp-json\/wp\/v2\/posts\/79060","targetHints":{"allow":["GET"]}}],"collection":[{"href":"https:\/\/linitiative.ca\/International\/wp-json\/wp\/v2\/posts"}],"about":[{"href":"https:\/\/linitiative.ca\/International\/wp-json\/wp\/v2\/types\/post"}],"author":[{"embeddable":true,"href":"https:\/\/linitiative.ca\/International\/wp-json\/wp\/v2\/users\/1737"}],"replies":[{"embeddable":true,"href":"https:\/\/linitiative.ca\/International\/wp-json\/wp\/v2\/comments?post=79060"}],"version-history":[{"count":0,"href":"https:\/\/linitiative.ca\/International\/wp-json\/wp\/v2\/posts\/79060\/revisions"}],"wp:attachment":[{"href":"https:\/\/linitiative.ca\/International\/wp-json\/wp\/v2\/media?parent=79060"}],"wp:term":[{"taxonomy":"category","embeddable":true,"href":"https:\/\/linitiative.ca\/International\/wp-json\/wp\/v2\/categories?post=79060"},{"taxonomy":"post_tag","embeddable":true,"href":"https:\/\/linitiative.ca\/International\/wp-json\/wp\/v2\/tags?post=79060"}],"curies":[{"name":"wp","href":"https:\/\/api.w.org\/{rel}","templated":true}]}}