{"id":79062,"date":"2020-03-13T16:00:00","date_gmt":"2020-03-13T20:00:00","guid":{"rendered":"https:\/\/linitiative.ca\/International\/tizi-ouzou-un-cas-confirme-et-deux-suspects\/"},"modified":"2020-03-13T16:00:00","modified_gmt":"2020-03-13T20:00:00","slug":"tizi-ouzou-un-cas-confirme-et-deux-suspects","status":"publish","type":"post","link":"https:\/\/linitiative.ca\/International\/tizi-ouzou-un-cas-confirme-et-deux-suspects\/","title":{"rendered":"Tizi Ouzou : Un cas confirm\u00e9 et deux suspects"},"content":{"rendered":"<p><strong>Le coronavirus est bien r\u00e9el \u00e0 pr\u00e9sent dans la wilaya de Tizi-Ouzou. En effet, un homme \u00e2g\u00e9 de 39 ans et originaire du village Ath-Frache, commue et da\u00efra de Bouzgu\u00e8ne a \u00e9t\u00e9 admis \u00e0 l\u2019h\u00f4pital d\u2019Azazga, mercredi pass\u00e9 dans la soir\u00e9e, apr\u00e8s que les tests effectu\u00e9s eurent r\u00e9v\u00e9l\u00e9 qu\u2019il \u00e9tait porteur de Covid-19.<\/strong><\/p>\n<p>Cependant, rien n\u2019indique que la vie de ce patient, \u00e9migr\u00e9 de son \u00e9tat, est en danger puisque ses m\u00e9decins traitants lui ont prodigu\u00e9 des soins intensifs. En tout cas, jusqu\u2019\u00e0 hier, son \u00e9tat a \u00e9t\u00e9 jug\u00e9 stable.<\/p>\n<p>Par ailleurs, le service sp\u00e9cial infectieux du CHU Nedir-Mohamed de Tizi-Ouzou a accueilli au cours de la journ\u00e9e de jeudi dernier deux personnes suspect\u00e9es de porter le coronavirus. Ces derni\u00e8res, comme l\u2019exigent les mesures sanitaires de pr\u00e9caution, ont \u00e9t\u00e9 mises en quarantaine en attendant les r\u00e9sultats des tests devant \u00eatre faits par l\u2019Institut Pasteur d\u2019Alger.<\/p>\n<p>Aussi une enqu\u00eate \u00e9pid\u00e9miologique concernant l\u2019itin\u00e9raire suivi par l\u2019homme porteur de Covid-19, est en cours.<\/p>\n<p>Auteur: Boudjedri<br \/>\n<a href=\"http:\/\/www.jeune-independant.net\/Tizi-Ouzou-Un-cas-confirme-et-deux.html\">Cliquez ici pour lire l&rsquo;article depuis sa source.<\/a><\/p>\n","protected":false},"excerpt":{"rendered":"<p>Le coronavirus est bien r\u00e9el \u00e0 pr\u00e9sent dans la wilaya de Tizi-Ouzou. En effet, un homme \u00e2g\u00e9 de 39 ans et originaire du village Ath-Frache, commue et da\u00efra de Bouzgu\u00e8ne a \u00e9t\u00e9 admis \u00e0 l\u2019h\u00f4pital d\u2019Azazga, mercredi pass\u00e9 dans la soir\u00e9e, apr\u00e8s que les tests effectu\u00e9s eurent r\u00e9v\u00e9l\u00e9 qu\u2019il \u00e9tait porteur de Covid-19. Cependant, rien [&hellip;]<\/p>\n","protected":false},"author":1737,"featured_media":0,"comment_status":"closed","ping_status":"closed","sticky":false,"template":"","format":"standard","meta":{"fifu_image_url":"","fifu_image_alt":"","footnotes":""},"categories":[73,53],"tags":[],"class_list":["post-79062","post","type-post","status-publish","format-standard","hentry","category-actualite","category-algerie"],"_links":{"self":[{"href":"https:\/\/linitiative.ca\/International\/wp-json\/wp\/v2\/posts\/79062","targetHints":{"allow":["GET"]}}],"collection":[{"href":"https:\/\/linitiative.ca\/International\/wp-json\/wp\/v2\/posts"}],"about":[{"href":"https:\/\/linitiative.ca\/International\/wp-json\/wp\/v2\/types\/post"}],"author":[{"embeddable":true,"href":"https:\/\/linitiative.ca\/International\/wp-json\/wp\/v2\/users\/1737"}],"replies":[{"embeddable":true,"href":"https:\/\/linitiative.ca\/International\/wp-json\/wp\/v2\/comments?post=79062"}],"version-history":[{"count":0,"href":"https:\/\/linitiative.ca\/International\/wp-json\/wp\/v2\/posts\/79062\/revisions"}],"wp:attachment":[{"href":"https:\/\/linitiative.ca\/International\/wp-json\/wp\/v2\/media?parent=79062"}],"wp:term":[{"taxonomy":"category","embeddable":true,"href":"https:\/\/linitiative.ca\/International\/wp-json\/wp\/v2\/categories?post=79062"},{"taxonomy":"post_tag","embeddable":true,"href":"https:\/\/linitiative.ca\/International\/wp-json\/wp\/v2\/tags?post=79062"}],"curies":[{"name":"wp","href":"https:\/\/api.w.org\/{rel}","templated":true}]}}