{"id":79066,"date":"2020-03-14T11:02:00","date_gmt":"2020-03-14T15:02:00","guid":{"rendered":"https:\/\/linitiative.ca\/International\/pleins-feux-sur-les-femmes-ministres-du-gouvernement-fakhfakh-dans-leaders-arabiya-de-mars-2020\/"},"modified":"2020-03-14T11:02:00","modified_gmt":"2020-03-14T15:02:00","slug":"pleins-feux-sur-les-femmes-ministres-du-gouvernement-fakhfakh-dans-leaders-arabiya-de-mars-2020","status":"publish","type":"post","link":"https:\/\/linitiative.ca\/International\/pleins-feux-sur-les-femmes-ministres-du-gouvernement-fakhfakh-dans-leaders-arabiya-de-mars-2020\/","title":{"rendered":"Pleins feux sur les femmes ministres du gouvernement Fakhfakh dans Leaders Arabiya de mars 2020"},"content":{"rendered":"<p><img decoding=\"async\" src=\"\/uploads\/FCK_files\/Couv.jpg\" alt=\"\" width=\"40%\" vspace=\"5\" hspace=\"5\" align=\"right\"\/>\u00ab\u00a0Des femmes ministres prometteuses\u00a0\u00bb. Par ce titre en couverture, accompagn\u00e9 des portraits des six femmes qui ont fait leur entr\u00e9e dans le gouvernement d&rsquo;Elyes Fakhfakh, Leaders Arabiya annonce le principal dossier de son num\u00e9ro 51 (15 mars\/15 avril 2020). Le mensuel y jette une lumi\u00e8re crue sur le parcours brillant de ces tunisiennes, bard\u00e9es de dipl\u00f4mes universitaires et se pr\u00e9valant , de surcro\u00eet, d&rsquo;une grande exp\u00e9rience professionnelle dans leur domaine de sp\u00e9cialit\u00e9.<\/p>\n<p>Outre les biographies des nouvelles ministres et secr\u00e9taires d&rsquo;Etat, Leaders Arabiya publie deux interviews exclusives , l&rsquo;une de Thouraya Jeribi Khemiri, ministre de la justice et premi\u00e8re tunisienne \u00e0 \u00eatre nomm\u00e9e \u00e0 la t\u00eate d&rsquo;un minist\u00e8re de souverainet\u00e9, et l&rsquo;autre de Asma S\u00e9himi Labidi, ministre de la femme, de la famille et des personnes \u00e2g\u00e9es. Elles y \u00e9voquent\u00a0 notamment les dossiers br\u00fblants qu&rsquo;elles auront \u00e0 traiter ainsi que les projets qu&rsquo;elles comptent\u00a0 mettre en avant afin d&rsquo;impulser l&rsquo;action de leur d\u00e9partement respectif.<\/p>\n<p>Dans cette nouvelle livraison qui se distingue comme de coutume par une tr\u00e8s belle r\u00e9alisation technique o\u00f9 la photo occupe une place privil\u00e9gi\u00e9e, Leaders Arabiya livre \u00e0 ses lecteurs des analyses approfondies des sujets d&rsquo;actualit\u00e9 \u00e0 l&rsquo;\u00e9chelle nationale, r\u00e9gionale et internationale dues aux plumes expertes d&rsquo;une belle brochette de journalistes et d&rsquo;\u00e9crivains de renom.<\/p>\n<p>Rachid Kechana souligne dans son article l&rsquo;int\u00e9r\u00eat qu&rsquo;il y a \u00e0 r\u00e9unir une conf\u00e9rence nationale inclusive pour parvenir \u00e0 une plate-forme\u00a0 commune devant permettre au pays de faire face aux d\u00e9fis \u00e9conomiques et sociaux et affronter une menace terrorise r\u00e9currente, tandis que Abdelaziz Kacem rappelle \u00e0 notre souvenir , dans son billet, avec le style ac\u00e9r\u00e9 et incisif\u00a0 qui est le sien, le dernier acte terroriste du Lac 2, et la campagne calomnieuse dont la d\u00e9put\u00e9e Abir Moussi a \u00e9t\u00e9 la cible, et qui est all\u00e9e jusqu&rsquo;\u00e0 frapper d&rsquo;apostasie le chef du PDL sous la coupole du parlement. En outre, il \u00e9voque, entre autres questions, la propagation du Coronavirus et les actes barbares perp\u00e9tr\u00e9s par les Ou\u00efgours en Syrie&#8230;<\/p>\n<p>Mohamed Brahim Hssayri fait, quant \u00e0 lui, la lumi\u00e8re sur la bataille livr\u00e9e par l&rsquo;arm\u00e9e syrienne\u00a0 contre les hordes terroristes dans la province d&rsquo;Idleb et au cours de laquelle plusieurs dizaines de soldats turcs avaient trouv\u00e9 la mort, se demandant si l&rsquo;issue de cette bataille finira par mettre fin ou non au brigandage des troupes d&rsquo;Erdogan.<br \/>Dans le volet culturel, les articles traitent de l&rsquo;\u0153uvre originale de Njah Mahdhaoui \u00e0 qui le Centre culturel de Hammamet avait rendu hommage, dans le cadre des \u00ab\u00a0grandes s\u00e9minaires\u00a0\u00bb, (Faouzi Mezzi), des musulmans et juifs dans l&rsquo;imaginaire romanesque (Ameur Bouazza) ainsi que des nouvelles publications.Par ailleurs, dans la rubrique \u00ab\u00a0C\u00e9l\u00e9brit\u00e9s tunisiennes\u00a0\u00bb, Habib Dridi nous pr\u00e9sente la vie et l&rsquo;\u0153uvre de Mohamed Laroussi Metoui, \u00e0 l&rsquo;occasion du 100 anniversaire de la naissance de ce grand \u00e9rudit et prolifique chercheur, zeitounien de formation (1920-2020), qui avait embrass\u00e9 au d\u00e9but de l&rsquo;ind\u00e9pendance une carri\u00e8re diplomatique avant d&rsquo;occuper durant trois mandats successifs le si\u00e8ge de d\u00e9put\u00e9 \u00e0 partir de 1964.<\/p>\n<p>Bonne lecture.<\/p>\n<p><a href=\"https:\/\/ar.leaders.com.tn\/le_mensuel_feuilletez_le\" target=\"_blank\" rel=\"noopener noreferrer\">Feuilleter le magazine<\/a><\/p>\n<p class=\"c2\"><strong>Abdelhafidh Harguem<\/strong><\/p>\n<p>Auteur:<br \/>\n<a href=\"https:\/\/www.leaders.com.tn\/article\/29359-pleins-feux-sur-les-femmes-ministres-du-gouvernement-fakhfakh-dans-leaders-arabiya-de-mars-2020\">Cliquez ici pour lire l&rsquo;article depuis sa source.<\/a><\/p>\n","protected":false},"excerpt":{"rendered":"<p>\u00ab\u00a0Des femmes ministres prometteuses\u00a0\u00bb. Par ce titre en couverture, accompagn\u00e9 des portraits des six femmes qui ont fait leur entr\u00e9e dans le gouvernement d&rsquo;Elyes Fakhfakh, Leaders Arabiya annonce le principal dossier de son num\u00e9ro 51 (15 mars\/15 avril 2020). Le mensuel y jette une lumi\u00e8re crue sur le parcours brillant de ces tunisiennes, bard\u00e9es de [&hellip;]<\/p>\n","protected":false},"author":1772,"featured_media":79067,"comment_status":"closed","ping_status":"closed","sticky":false,"template":"","format":"standard","meta":{"fifu_image_url":"","fifu_image_alt":"","footnotes":""},"categories":[73,55],"tags":[],"class_list":["post-79066","post","type-post","status-publish","format-standard","has-post-thumbnail","hentry","category-actualite","category-tunisie"],"_links":{"self":[{"href":"https:\/\/linitiative.ca\/International\/wp-json\/wp\/v2\/posts\/79066","targetHints":{"allow":["GET"]}}],"collection":[{"href":"https:\/\/linitiative.ca\/International\/wp-json\/wp\/v2\/posts"}],"about":[{"href":"https:\/\/linitiative.ca\/International\/wp-json\/wp\/v2\/types\/post"}],"author":[{"embeddable":true,"href":"https:\/\/linitiative.ca\/International\/wp-json\/wp\/v2\/users\/1772"}],"replies":[{"embeddable":true,"href":"https:\/\/linitiative.ca\/International\/wp-json\/wp\/v2\/comments?post=79066"}],"version-history":[{"count":0,"href":"https:\/\/linitiative.ca\/International\/wp-json\/wp\/v2\/posts\/79066\/revisions"}],"wp:featuredmedia":[{"embeddable":true,"href":"https:\/\/linitiative.ca\/International\/wp-json\/"}],"wp:attachment":[{"href":"https:\/\/linitiative.ca\/International\/wp-json\/wp\/v2\/media?parent=79066"}],"wp:term":[{"taxonomy":"category","embeddable":true,"href":"https:\/\/linitiative.ca\/International\/wp-json\/wp\/v2\/categories?post=79066"},{"taxonomy":"post_tag","embeddable":true,"href":"https:\/\/linitiative.ca\/International\/wp-json\/wp\/v2\/tags?post=79066"}],"curies":[{"name":"wp","href":"https:\/\/api.w.org\/{rel}","templated":true}]}}