{"id":79068,"date":"2020-03-14T13:40:00","date_gmt":"2020-03-14T17:40:00","guid":{"rendered":"https:\/\/linitiative.ca\/International\/sabri-bachtobji-rejoint-son-nouveau-poste-dambassadeur-representant-permanent-de-tunisie-aupres-de-lonu-a-genevetobji\/"},"modified":"2020-03-14T13:40:00","modified_gmt":"2020-03-14T17:40:00","slug":"sabri-bachtobji-rejoint-son-nouveau-poste-dambassadeur-representant-permanent-de-tunisie-aupres-de-lonu-a-genevetobji","status":"publish","type":"post","link":"https:\/\/linitiative.ca\/International\/sabri-bachtobji-rejoint-son-nouveau-poste-dambassadeur-representant-permanent-de-tunisie-aupres-de-lonu-a-genevetobji\/","title":{"rendered":"Sabri Bachtobji rejoint son nouveau poste d\u2019ambassadeur repr\u00e9sentant permanent de Tunisie aupr\u00e8s de l\u2019ONU \u00e0 Gen\u00e8vetobji"},"content":{"rendered":"<p>Il lui a fallu s\u2019armer de patience et tenir la corde pendant de long mois. Sabri Bachtobji, jusque-l\u00e0 secr\u00e9taire d\u2019Etat aux Affaires \u00e9trang\u00e8res (depuis 2106), a \u00e9t\u00e9 nomm\u00e9 d\u2019ambassadeur repr\u00e9sentant permanent de Tunisie aupr\u00e8s de l\u2019ONU \u00e0 Gen\u00e8ve. Il vient de recevoir sa lettre d\u2019introduction (l\u2019\u00e9quivalent des lettres de cr\u00e9ances pour les ambassadeurs accr\u00e9dit\u00e9s aupr\u00e8s des pays amis) et de rejoindre son nouveau poste. Diplomate de carri\u00e8re, il avait \u00e9t\u00e9 notamment ambassadeur au Br\u00e9sil, apr\u00e8s avoir longtemps servi \u00e0 Rome, Madrid et Lyon, ainsi qu\u2019\u00e0 de hautes fonctions au sein de l\u2019administration centrale au sein du minist\u00e8re.<br \/>\u00a0<\/p>\n<p>Auteur:<br \/>\n<a href=\"https:\/\/www.leaders.com.tn\/article\/29353-sabri-bachtobji\">Cliquez ici pour lire l&rsquo;article depuis sa source.<\/a><\/p>\n","protected":false},"excerpt":{"rendered":"<p>Il lui a fallu s\u2019armer de patience et tenir la corde pendant de long mois. Sabri Bachtobji, jusque-l\u00e0 secr\u00e9taire d\u2019Etat aux Affaires \u00e9trang\u00e8res (depuis 2106), a \u00e9t\u00e9 nomm\u00e9 d\u2019ambassadeur repr\u00e9sentant permanent de Tunisie aupr\u00e8s de l\u2019ONU \u00e0 Gen\u00e8ve. Il vient de recevoir sa lettre d\u2019introduction (l\u2019\u00e9quivalent des lettres de cr\u00e9ances pour les ambassadeurs accr\u00e9dit\u00e9s aupr\u00e8s [&hellip;]<\/p>\n","protected":false},"author":1772,"featured_media":0,"comment_status":"closed","ping_status":"closed","sticky":false,"template":"","format":"standard","meta":{"fifu_image_url":"","fifu_image_alt":"","footnotes":""},"categories":[73,55],"tags":[],"class_list":["post-79068","post","type-post","status-publish","format-standard","hentry","category-actualite","category-tunisie"],"_links":{"self":[{"href":"https:\/\/linitiative.ca\/International\/wp-json\/wp\/v2\/posts\/79068","targetHints":{"allow":["GET"]}}],"collection":[{"href":"https:\/\/linitiative.ca\/International\/wp-json\/wp\/v2\/posts"}],"about":[{"href":"https:\/\/linitiative.ca\/International\/wp-json\/wp\/v2\/types\/post"}],"author":[{"embeddable":true,"href":"https:\/\/linitiative.ca\/International\/wp-json\/wp\/v2\/users\/1772"}],"replies":[{"embeddable":true,"href":"https:\/\/linitiative.ca\/International\/wp-json\/wp\/v2\/comments?post=79068"}],"version-history":[{"count":0,"href":"https:\/\/linitiative.ca\/International\/wp-json\/wp\/v2\/posts\/79068\/revisions"}],"wp:attachment":[{"href":"https:\/\/linitiative.ca\/International\/wp-json\/wp\/v2\/media?parent=79068"}],"wp:term":[{"taxonomy":"category","embeddable":true,"href":"https:\/\/linitiative.ca\/International\/wp-json\/wp\/v2\/categories?post=79068"},{"taxonomy":"post_tag","embeddable":true,"href":"https:\/\/linitiative.ca\/International\/wp-json\/wp\/v2\/tags?post=79068"}],"curies":[{"name":"wp","href":"https:\/\/api.w.org\/{rel}","templated":true}]}}