{"id":79069,"date":"2020-03-14T14:03:00","date_gmt":"2020-03-14T18:03:00","guid":{"rendered":"https:\/\/linitiative.ca\/International\/hatem-kotrane-ce-que-elyes-fakhfakh-a-omis-de-dire\/"},"modified":"2020-03-14T14:03:00","modified_gmt":"2020-03-14T18:03:00","slug":"hatem-kotrane-ce-que-elyes-fakhfakh-a-omis-de-dire","status":"publish","type":"post","link":"https:\/\/linitiative.ca\/International\/hatem-kotrane-ce-que-elyes-fakhfakh-a-omis-de-dire\/","title":{"rendered":"Hatem Kotrane: Ce que Elyes Fakhfakh, a omis de dire!"},"content":{"rendered":"<p><img decoding=\"async\" src=\"\/uploads\/FCK_files\/Hatem-Kotrane(2).jpg\" alt=\"\" width=\"30%\" vspace=\"5\" hspace=\"5\" align=\"left\"\/>Le chef du gouvernement, Elyes Fakhfakh, s\u2019est adress\u00e9, vendredi soir, aux tunisiens au sujet de l\u2019\u00e9pid\u00e9mie de Covid-19 annon\u00e7ant le passage, \u00e0 titre pr\u00e9ventif, au niveau 3 de la riposte et la prise d\u2019une s\u00e9rie de mesures restrictives pour tenter d\u2019endiguer la crise en anticipant les mesures qui seraient rendues autrement plus insupportables.<br \/>Parmi les mesures ainsi prises, qui seront applicables \u00e0 partir de ce soir du vendredi 13 mars, et jusqu\u2019au 4 avril, avec possibilit\u00e9 de r\u00e9vision de la dur\u00e9e, figurent en particulier celles consistant en :<\/p>\n<p><span class=\"c2\"><strong>\u2022<\/strong><\/span> la fermeture des fronti\u00e8res maritimes de fa\u00e7on compl\u00e8te et des fronti\u00e8res a\u00e9riennes, avec suspension de tous les vols pour l\u2019Italie, et maintien d\u2019un seul vol par jour avec la France, et un vol par semaine avec l\u2019Espagne, l\u2019Egypte, la Grande Bretagne et l\u2019Allemagne, \u00e9tant pr\u00e9cis\u00e9 que les arrivants devront se soumettre automatiquement aux mesures de quarantaine durant quatorze jours,<\/p>\n<p><span class=\"c2\"><strong>\u2022<\/strong><\/span> la r\u00e9gulation des groupements des citoyens, avec annulation de toutes les manifestations culturelles, fermeture des caf\u00e9s, restaurants et discoth\u00e8ques, \u00e0 partir de 16 heures,<\/p>\n<p><span class=\"c2\"><strong>\u2022<\/strong><\/span> la suspension des pri\u00e8res collectives y compris la grande pri\u00e8re du vendredi, tandis que toutes les rencontres sportives se d\u00e9rouleront \u00e0 huis clos,<\/p>\n<p><span class=\"c2\"><strong>\u2022<\/strong><\/span> la fermeture de tous les \u00e9tablissements pr\u00e9scolaires, ainsi que des \u00e9coles priv\u00e9es et \u00e9trang\u00e8res.<\/p>\n<p>Enfin, le Chef du gouvernement a-t-il \u00e9t\u00e9 avis\u00e9 en appelant les tunisiens \u00e0 faire preuve de solidarit\u00e9 dans la garde des enfants, pour permettre aux parents de poursuivre leurs activit\u00e9s professionnelles.<\/p>\n<p>Tout cela est aujourd\u2019hui bien connu et a \u00e9t\u00e9 relay\u00e9 par tous les moyens d\u2019information, et d\u2019aucuns ont salu\u00e9 le Chef du gouvernement dans sa premi\u00e8re apparition publique apr\u00e8s son installation aux commandes de l\u2019ex\u00e9cutif.<\/p>\n<p>On retiendra, \u00e0 l\u2019avantage du Chef du gouvernement, qu\u2019il n\u2019a pas pris de mesures de confinement de la Tunisie comme en Chine\u00a0 ou en Italie, en se limitant juste \u00e0 demander \u00e0 \u00e9viter les d\u00e9placements inutiles et \u00e0 r\u00e9guler les groupements dans les manifestations sportives, culturelles et autres.<\/p>\n<p><span class=\"c4\"><span class=\"c3\"><strong>Des omissions intol\u00e9rables<\/strong><\/span><\/span><\/p>\n<p>Gouverner, c\u2019est pr\u00e9voir et faire montre de clairvoyance et d\u2019anticipation ! Comment expliquer, par exemple, qu\u2019aucune mesure tangible n\u2019ait \u00e9t\u00e9 annonc\u00e9e, \u00e0 l\u2019instar des mesures prises la veille par le Pr\u00e9sident Emmanuel Macron, et l\u2019avant-veille par Donald Trump, consistant en la mise en place d\u2019un syst\u00e8me de ch\u00f4mage partiel et un report pour les entreprises le souhaitant du paiement des imp\u00f4ts et cotisations.<\/p>\n<p>Le Chef du gouvernement n\u2019aurait-il pas \u00e9t\u00e9 avis\u00e9 en annon\u00e7ant <span class=\"c2\">la mobilisation g\u00e9n\u00e9rale pour l&rsquo;\u00e9conomie et les emplois.<\/span><\/p>\n<p><em>\u00ab Nous n&rsquo;ajouterons pas \u00e0 la crise sanitaire, la crise des fins de mois, la peur des entrepreneurs \u00bb<\/em>, avait pr\u00e9venu la veille Emmanuel Macron en mettant en exergue une priorit\u00e9 : pr\u00e9server les emplois.<\/p>\n<p>Certes, l\u2019on ne peut comparer que ce qui est comparable ! Un m\u00e9canisme exceptionnel de ch\u00f4mage partiel aurait \u00e9t\u00e9 pourtant n\u00e9cessaire \u00e0 mettre en \u0153uvre pour \u00e9viter les licenciements. Un programme national de solidarit\u00e9 \u00e9conomique et sociale aurait gagn\u00e9 \u00e0 \u00eatre annonc\u00e9 en vue de prendre en charge l&rsquo;indemnisation des salari\u00e9s contraints de rester chez eux. De plus, afin de prot\u00e9ger toutes les entreprises, y compris les travailleurs ind\u00e9pendants, le Chef du gouvernement aurait \u00e9t\u00e9 avis\u00e9 en annon\u00e7ant la possibilit\u00e9 de reporter le paiement des cotisations et des imp\u00f4ts dus dans les tout prochains mois. Des proc\u00e9dures que la Kasbah pourrait rendre simples, sans trop de formalit\u00e9s.<\/p>\n<p><span class=\"c3\"><span class=\"c4\"><strong>Le t\u00e9l\u00e9travail, un enjeu crucial<\/strong><\/span><\/span><\/p>\n<p>De leur c\u00f4t\u00e9, les entreprises auraient d\u00fb \u2013et pourraient encore\u2013 \u00eatre appel\u00e9es \u00e0 permettre aux employ\u00e9s dans certaines entreprises de travailler \u00e0 distance.<\/p>\n<p>Avec les cr\u00e8ches et les \u00e9coles ferm\u00e9es, favoriser le t\u00e9l\u00e9travail devient un enjeu crucial pour ne pas ralentir davantage l\u2019\u00e9conomie.<\/p>\n<p>Elyes Fakhfakh aurait \u00e9t\u00e9 avis\u00e9 en plaidant enfin pour un plan de relance tunisien auquel le gouvernement est appel\u00e9 \u00e0 travailler, y compris avec l\u2019aide de la Banque mondiale, du FMI, de ses partenaires europ\u00e9ens, arabes et autres. Cette r\u00e9ponse \u00e0 la crise se fait toujours attendre.<\/p>\n<p><span class=\"c4\"><span class=\"c3\"><strong>Aux grands maux les grands rem\u00e8des<\/strong><\/span><\/span><\/p>\n<p>Elyes Fakhfakh aurait \u00e9t\u00e9 avis\u00e9 en annon\u00e7ant des mesures que l\u2019\u00c9tat s\u2019engagerait \u00e0 prendre en vue de l\u2019indemnisation des salari\u00e9s plac\u00e9s en ch\u00f4mage partiel, quel que soit leur niveau de r\u00e9mun\u00e9ration.<\/p>\n<p>La mesure, annonc\u00e9e la veille par Emmanuel Macron, p\u00e8serait, certes, lourd sur la balance d\u2019une \u00e9conomie tunisienne d\u00e9j\u00e0 aux abois. Elle devrait pourtant \u00eatre envisag\u00e9e dans le cadre de la solidarit\u00e9 nationale, quitte \u00e0 engager des n\u00e9gociations nationales en vue d\u2019en d\u00e9finir les diff\u00e9rentes implications.<\/p>\n<p><em>\u00ab A attendre que l&rsquo;herbe pousse, le b\u0153uf meurt de faim \u00bb<\/em><\/p>\n<p>Autant de mesures \u00e0 d\u00e9finir, \u00e0 pr\u00e9voir, qui auraient permis de rassurer les tunisiens quant \u00e0 la capacit\u00e9 du Chef du Gouvernement \u00e0 assumer pleinement le leadership, comme levier de bonne gouvernance ! Car, au-del\u00e0 de la lutte en vue d\u2019endiguer la crise de l\u2019\u00e9pid\u00e9mie de Covid-19, l\u2019occasion \u00e9tait offerte de relever ce nouveau d\u00e9fi, celui de l\u2019expression citoyenne, singuli\u00e8rement appauvrie, et qui n\u2019a plus d\u2019autres possibilit\u00e9s que de se manifester de fa\u00e7on solidaire face \u00e0 la crise.<\/p>\n<p>Ayez et donnez confiance, Monsieur le Chef du Gouvernement, le succ\u00e8s viendra avec l&rsquo;implication et l&rsquo;effort de tous !<\/p>\n<p><em><strong>\u00ab Ayez la volont\u00e9 et la pers\u00e9v\u00e9rance, et vous ferez des merveilles !\u00bb<\/strong><\/em> <strong>(Benjamin Franklin)<\/strong>.<\/p>\n<p class=\"c5\"><strong>Hatem Kotrane<\/strong><br \/><em>Professeur en droit<\/em><\/p>\n<p>Auteur:<br \/>\n<a href=\"https:\/\/www.leaders.com.tn\/article\/29362-hatem-kotrane-ce-que-elyes-fakhfakh-a-omis-de-dire\">Cliquez ici pour lire l&rsquo;article depuis sa source.<\/a><\/p>\n","protected":false},"excerpt":{"rendered":"<p>Le chef du gouvernement, Elyes Fakhfakh, s\u2019est adress\u00e9, vendredi soir, aux tunisiens au sujet de l\u2019\u00e9pid\u00e9mie de Covid-19 annon\u00e7ant le passage, \u00e0 titre pr\u00e9ventif, au niveau 3 de la riposte et la prise d\u2019une s\u00e9rie de mesures restrictives pour tenter d\u2019endiguer la crise en anticipant les mesures qui seraient rendues autrement plus insupportables.Parmi les mesures [&hellip;]<\/p>\n","protected":false},"author":1772,"featured_media":79070,"comment_status":"closed","ping_status":"closed","sticky":false,"template":"","format":"standard","meta":{"fifu_image_url":"","fifu_image_alt":"","footnotes":""},"categories":[73,55],"tags":[],"class_list":["post-79069","post","type-post","status-publish","format-standard","has-post-thumbnail","hentry","category-actualite","category-tunisie"],"_links":{"self":[{"href":"https:\/\/linitiative.ca\/International\/wp-json\/wp\/v2\/posts\/79069","targetHints":{"allow":["GET"]}}],"collection":[{"href":"https:\/\/linitiative.ca\/International\/wp-json\/wp\/v2\/posts"}],"about":[{"href":"https:\/\/linitiative.ca\/International\/wp-json\/wp\/v2\/types\/post"}],"author":[{"embeddable":true,"href":"https:\/\/linitiative.ca\/International\/wp-json\/wp\/v2\/users\/1772"}],"replies":[{"embeddable":true,"href":"https:\/\/linitiative.ca\/International\/wp-json\/wp\/v2\/comments?post=79069"}],"version-history":[{"count":0,"href":"https:\/\/linitiative.ca\/International\/wp-json\/wp\/v2\/posts\/79069\/revisions"}],"wp:featuredmedia":[{"embeddable":true,"href":"https:\/\/linitiative.ca\/International\/wp-json\/"}],"wp:attachment":[{"href":"https:\/\/linitiative.ca\/International\/wp-json\/wp\/v2\/media?parent=79069"}],"wp:term":[{"taxonomy":"category","embeddable":true,"href":"https:\/\/linitiative.ca\/International\/wp-json\/wp\/v2\/categories?post=79069"},{"taxonomy":"post_tag","embeddable":true,"href":"https:\/\/linitiative.ca\/International\/wp-json\/wp\/v2\/tags?post=79069"}],"curies":[{"name":"wp","href":"https:\/\/api.w.org\/{rel}","templated":true}]}}