{"id":79071,"date":"2020-03-14T06:00:00","date_gmt":"2020-03-14T10:00:00","guid":{"rendered":"https:\/\/linitiative.ca\/International\/des-parents-deleves-dans-lembarras\/"},"modified":"2020-03-14T06:00:00","modified_gmt":"2020-03-14T10:00:00","slug":"des-parents-deleves-dans-lembarras","status":"publish","type":"post","link":"https:\/\/linitiative.ca\/International\/des-parents-deleves-dans-lembarras\/","title":{"rendered":"Des parents d\u2019\u00e9l\u00e8ves dans l\u2019embarras"},"content":{"rendered":"<div class=\"picture\"><img class=\"lazy\" data-original=\"\/data\/images\/article\/thumbs\/d-des-parents-deleves-dans-lembarras-97f5d.jpg\"\/>\n<\/div>\n<p>La d\u00e9cision de fermeture des \u00e9tablissements scolaires, des cr\u00e8ches, des universit\u00e9s et des \u00e9tablissements de formation professionnelle afin d\u2019\u00e9viter la propagation du coronavirus n\u2019est pas du go\u00fbt de tous. Certains parents la jugent \u00abpr\u00e9cipit\u00e9e\u00bb et \u00abexcessive\u00bb.<br \/>Rym Nasri &#8211; Alger (Le Soir) &#8211; Toutes les \u00e9coles, tous les coll\u00e8ges, tous les lyc\u00e9es, les universit\u00e9s et instituts de l&rsquo;enseignement sup\u00e9rieur, les \u00e9tablissements la formation professionnelle, les \u00e9coles coraniques, les zaouias, les classes d&rsquo;alphab\u00e9tisation et tous les \u00e9tablissements \u00e9ducatifs priv\u00e9s et les jardins d&rsquo;enfants sont d\u00e9sormais ferm\u00e9s jusqu\u2019\u00e0 la fin des vacances de printemps le 5 avril prochain. Seule exception : les facult\u00e9s o\u00f9 se d\u00e9roulent encore les examens de rattrapage.<br \/>Cette d\u00e9cision a \u00e9t\u00e9 prise jeudi dernier par le chef de l\u2019\u00c9tat, Abdelmadjid Tebboune, afin de lutter contre la propagation de l\u2019\u00e9pid\u00e9mie du coronavirus. Pourtant, mardi dernier, le ministre de la Sant\u00e9 avait assur\u00e9 que l\u2019\u00e9pid\u00e9mie du Covid-19 est dans sa \u00abphase 1\u00bb en Alg\u00e9rie. Selon lui, la fermeture des \u00e9tablissements scolaires et universitaires ne sera envisag\u00e9e qu\u2019une fois la \u00abphase 3\u00bb de l&rsquo;\u00e9pid\u00e9mie d\u00e9clench\u00e9e. Quasi in\u00e9dite dans l\u2019histoire du pays, cette mesure, pr\u00e9sent\u00e9e comme un imp\u00e9rative pour prot\u00e9ger les \u00e9l\u00e8ves et leurs enseignants de cette maladie, n\u2019est, apparemment, pas du go\u00fbt de tous. La plupart des parents n\u2019y adh\u00e8rent pas du tout, notamment ceux pour qui le probl\u00e8me de la garde des enfants se pose.<br \/>C\u2019est le cas de Mohamed qui qualifie cette d\u00e9cision de \u00abpr\u00e9cipit\u00e9e\u00bb, d\u2019autant qu\u2019il ne reste que cinq jours pour les vacances officielles. P\u00e8re de deux enfants scolaris\u00e9s au primaire et au coll\u00e8ge, Mohamed estime que cette mesure ne va pas vraiment contribuer \u00e0 la lutte contre le coronavirus, puisqu\u2019elle est limit\u00e9e dans le temps. \u00abLa fermeture des \u00e9coles \u00e0 l\u2019avance a juste chamboul\u00e9 le programme des parents qui ont pr\u00e9vu de prendre des vacances avec leurs enfants\u00bb, note-t-il.<br \/>M\u00eame d\u00e9ception chez Ferhat qui trouve cette d\u00e9cision \u00abexcessive\u00bb. Pour lui, elle met les parents dans une situation d\u2019angoisse et d\u2019embarras. \u00abJ\u2019ai un gar\u00e7on de trois ans qui va \u00e0 la cr\u00e8che. Durant les trois semaines de fermeture de la cr\u00e8che, l\u2019un des deux parents est oblig\u00e9 de prendre un cong\u00e9 pour garder le petit \u00e0 la maison\u00bb, dit-il.<br \/>Cet employ\u00e9 d\u2019une entreprise priv\u00e9e s\u2019interroge, d\u2019ailleurs, si cette mesure ne va pas cr\u00e9er un conflit financier entre les parents et l\u2019administration des cr\u00e8ches, puisque celles-ci sont payantes. \u00abNous payons la cr\u00e8che chaque mois. De ce fait, nous perdons trois semaines d\u00e9j\u00e0 r\u00e9gl\u00e9es. L\u2019on se demande si la cr\u00e8che va comptabiliser ces semaines\u00bb, explique-t-il.<br \/>Pour Redouane, fonctionnaire, cette mesure est une \u00abn\u00e9cessit\u00e9\u00bb puisqu\u2019\u00abil est question de la sant\u00e9 de nos enfants et d\u2019\u00e9viter la propagation du coronavirus\u00bb. Son coll\u00e8gue Abdelkader n\u2019approuve pas cette d\u00e9cision d\u2019autant, souligne-t-il, que \u00able troisi\u00e8me trimestre est d\u00e9j\u00e0 assez court\u00bb.<br \/>P\u00e8re de trois enfants scolaris\u00e9s, Abdelkader \u00e9prouve de la peine pour ses enfants qui seront \u00abconfin\u00e9s\u00bb \u00e0 la maison une semaine de plus au lieu de deux. \u00abJe ne peux pas prendre un cong\u00e9 pour les emmener quelque part. Ils resteront donc \u00e0 la maison\u00bb, dit-il.<br \/>Ry. N.<\/p>\n<p>Auteur:<br \/>\n<a href=\"https:\/\/www.lesoirdalgerie.com\/actualites\/des-parents-deleves-dans-lembarras-40196\">Cliquez ici pour lire l&rsquo;article depuis sa source.<\/a><\/p>\n","protected":false},"excerpt":{"rendered":"<p>La d\u00e9cision de fermeture des \u00e9tablissements scolaires, des cr\u00e8ches, des universit\u00e9s et des \u00e9tablissements de formation professionnelle afin d\u2019\u00e9viter la propagation du coronavirus n\u2019est pas du go\u00fbt de tous. Certains parents la jugent \u00abpr\u00e9cipit\u00e9e\u00bb et \u00abexcessive\u00bb.Rym Nasri &#8211; Alger (Le Soir) &#8211; Toutes les \u00e9coles, tous les coll\u00e8ges, tous les lyc\u00e9es, les universit\u00e9s et instituts [&hellip;]<\/p>\n","protected":false},"author":1741,"featured_media":0,"comment_status":"closed","ping_status":"closed","sticky":false,"template":"","format":"standard","meta":{"fifu_image_url":"","fifu_image_alt":"","footnotes":""},"categories":[73,53],"tags":[],"class_list":["post-79071","post","type-post","status-publish","format-standard","hentry","category-actualite","category-algerie"],"_links":{"self":[{"href":"https:\/\/linitiative.ca\/International\/wp-json\/wp\/v2\/posts\/79071","targetHints":{"allow":["GET"]}}],"collection":[{"href":"https:\/\/linitiative.ca\/International\/wp-json\/wp\/v2\/posts"}],"about":[{"href":"https:\/\/linitiative.ca\/International\/wp-json\/wp\/v2\/types\/post"}],"author":[{"embeddable":true,"href":"https:\/\/linitiative.ca\/International\/wp-json\/wp\/v2\/users\/1741"}],"replies":[{"embeddable":true,"href":"https:\/\/linitiative.ca\/International\/wp-json\/wp\/v2\/comments?post=79071"}],"version-history":[{"count":0,"href":"https:\/\/linitiative.ca\/International\/wp-json\/wp\/v2\/posts\/79071\/revisions"}],"wp:attachment":[{"href":"https:\/\/linitiative.ca\/International\/wp-json\/wp\/v2\/media?parent=79071"}],"wp:term":[{"taxonomy":"category","embeddable":true,"href":"https:\/\/linitiative.ca\/International\/wp-json\/wp\/v2\/categories?post=79071"},{"taxonomy":"post_tag","embeddable":true,"href":"https:\/\/linitiative.ca\/International\/wp-json\/wp\/v2\/tags?post=79071"}],"curies":[{"name":"wp","href":"https:\/\/api.w.org\/{rel}","templated":true}]}}