{"id":79072,"date":"2020-03-14T06:00:00","date_gmt":"2020-03-14T10:00:00","guid":{"rendered":"https:\/\/linitiative.ca\/International\/toutes-les-foires-et-salons-de-la-safex-reportes\/"},"modified":"2020-03-14T06:00:00","modified_gmt":"2020-03-14T10:00:00","slug":"toutes-les-foires-et-salons-de-la-safex-reportes","status":"publish","type":"post","link":"https:\/\/linitiative.ca\/International\/toutes-les-foires-et-salons-de-la-safex-reportes\/","title":{"rendered":"Toutes les foires et salons de la Safex report\u00e9s"},"content":{"rendered":"<div class=\"picture\"><img class=\"lazy\" data-original=\"\/data\/images\/article\/thumbs\/d-toutes-les-foires-et-salons-de-la-safex-reportes-da5a7.jpg\"\/>\n<\/div>\n<p>Peu avant la d\u00e9cision de fermeture avanc\u00e9e des \u00e9tablissements scolaires et universitaires une semaine avant la date officielle des vacances scolaires, sur d\u00e9cision du pr\u00e9sident de la R\u00e9publique, tous les salons et foires programm\u00e9s durant le mois de mars au Palais des Expositions des Pins-Maritimes relevant de la Safex ont \u00e9t\u00e9 report\u00e9s. Pour Mohamed Lyoubi, directeur de l\u2019\u00e9pid\u00e9miologie et de la lutte contre les maladies, \u00abannuler certains \u00e9v\u00e9nements internationaux d\u2019envergure est prudent\u00bb.<br \/>Abdelhalim Benyell\u00e8s &#8211; Alger (Le Soir) &#8211; Les \u00e9coles coraniques, les zaouias, les classes d&rsquo;alphab\u00e9tisation et tous les \u00e9tablissements \u00e9ducatifs priv\u00e9s ainsi que les jardins d&rsquo;enfants se sont conform\u00e9s \u00e0 la mesure pr\u00e9ventive, au m\u00eame titre que les manifestations sportives et culturelles programm\u00e9es en Alg\u00e9rie outre les rassemblements de masse et le mouvement des voyages vers et en provenance des pays qui connaissent une pr\u00e9sence communautaire pour \u00e9viter la propagation du virus corona.<br \/>Pour le cas des manifestations \u00e9conomiques au programme durant le mois de mars, plusieurs rendez-vous ont \u00e9t\u00e9 report\u00e9s. Tous les salons et foires programm\u00e9s d\u2019ici au mois de juin prochain au Palais des Expositions des Pins-Maritimes relevant de la Safex sont report\u00e9s \u00e0 des dates ult\u00e9rieures, a fait savoir la direction g\u00e9n\u00e9rale du Palais des Expositions de la Safex. La m\u00eame source annonce que d\u2019autres mesures pourraient \u00eatre prises, en fonction de l\u2019\u00e9volution de la situation.<br \/>Ainsi, la 10e \u00e9dition du Napec (North Africa Petroleum Exhibition &amp; Conf\u00e9rence), pr\u00e9vue du 15 au 18 mars \u00e0 Oran, a \u00e9t\u00e9 report\u00e9e en raison de l\u2019\u00e9pid\u00e9mie du coronavirus s\u00e9vissant \u00e0 travers le monde. Citons, au passage, l\u2019annulation, dans la m\u00eame p\u00e9riode, du Salon international du tourisme pr\u00e9vu \u00e0 Alger le 25 mars compromis du fait du virus.<br \/>\u00abCette d\u00e9cision survient dans le cadre des mesures de s\u00e9curit\u00e9 li\u00e9es \u00e0 l\u2019\u00e9pid\u00e9mie du Covid-19 et qui recommandent la restriction des grandes manifestations et rassemblements de masse\u00bb, font savoir les organisateurs.<br \/>La 18e \u00e9dition du Salon international Djazagro, salon professionnel de la production agroalimentaire, pr\u00e9vue du 6 au 9 avril prochain au Palais des Expositions de la Safex d\u2019Alger, d\u00e9di\u00e9 exclusivement aux producteurs et qui r\u00e9unit plus de 21 000 visiteurs professionnels en qu\u00eate de savoir-faire, de machines et de partenariats, entre dans le m\u00eame cadre d\u2019ajournement des \u00e9v\u00e9nements \u00e9conomiques pr\u00e9vus par la Safex. Parmi les manifestations \u00e9conomico-commerciales de renomm\u00e9e internationale, devenues incontournables pour d\u2019innombrables op\u00e9rateurs, figure le rendez-vous des b\u00e2tisseurs, entrepreneurs et autres intervenants dans le secteur de l\u2019habitat, le Salon international du b\u00e2timent, des mat\u00e9riaux de construction et des travaux publics, Batimatec, qui devait s\u2019ouvrir le 19 avril est rat\u00e9 pour l\u2019ann\u00e9e en cours pour le m\u00eame motif. Idem pour l\u2019inauguration du Salon international des technologies des ascenseurs et des escaliers m\u00e9caniques, Lift Expo, pr\u00e9vue en principe le 16 mars.<br \/>Le nouveau salon du voyage et du tourisme Tourisme DZ, salon international du tourisme d&rsquo;Alger 2020, pr\u00e9vu par la Safex du 25 au 28 mars en cours, a d\u00fb \u00eatre aussi annul\u00e9.<br \/>La d\u00e9cision s\u2019applique aussi pour le Salon international de l&rsquo;olivier, SIO Med Mag Oliva Alg\u00e9rie 2020, sous le th\u00e8me \u00ab L&rsquo;olivier, symbole de paix et de d\u00e9veloppement \u00bb, du 11 au 14 mars 2020 au Palais des Expositions. Enfin, le Salon international de l\u2019environnement et des \u00e9nergies renouvelables, Sieera 2020, plac\u00e9 sous le slogan \u00abLes start-up vertes locomotive du d\u00e9veloppement durable et de l\u2019\u00e9conomie circulaire\u00bb, pr\u00e9vu le lundi 9 mars, a \u00e9t\u00e9 report\u00e9 \u00e0 une date ult\u00e9rieure sur une d\u00e9cision prise \u00e0 la derni\u00e8re minute par le minist\u00e8re, le jour m\u00eame, dans le cadre des mesures de pr\u00e9caution contre la propagation du coronavirus en Alg\u00e9rie.<br \/>A. B.<\/p>\n<p>Auteur:<br \/>\n<a href=\"https:\/\/www.lesoirdalgerie.com\/actualites\/toutes-les-foires-et-salons-de-la-safex-reportes-40195\">Cliquez ici pour lire l&rsquo;article depuis sa source.<\/a><\/p>\n","protected":false},"excerpt":{"rendered":"<p>Peu avant la d\u00e9cision de fermeture avanc\u00e9e des \u00e9tablissements scolaires et universitaires une semaine avant la date officielle des vacances scolaires, sur d\u00e9cision du pr\u00e9sident de la R\u00e9publique, tous les salons et foires programm\u00e9s durant le mois de mars au Palais des Expositions des Pins-Maritimes relevant de la Safex ont \u00e9t\u00e9 report\u00e9s. Pour Mohamed Lyoubi, [&hellip;]<\/p>\n","protected":false},"author":1741,"featured_media":0,"comment_status":"closed","ping_status":"closed","sticky":false,"template":"","format":"standard","meta":{"fifu_image_url":"","fifu_image_alt":"","footnotes":""},"categories":[73,53],"tags":[],"class_list":["post-79072","post","type-post","status-publish","format-standard","hentry","category-actualite","category-algerie"],"_links":{"self":[{"href":"https:\/\/linitiative.ca\/International\/wp-json\/wp\/v2\/posts\/79072","targetHints":{"allow":["GET"]}}],"collection":[{"href":"https:\/\/linitiative.ca\/International\/wp-json\/wp\/v2\/posts"}],"about":[{"href":"https:\/\/linitiative.ca\/International\/wp-json\/wp\/v2\/types\/post"}],"author":[{"embeddable":true,"href":"https:\/\/linitiative.ca\/International\/wp-json\/wp\/v2\/users\/1741"}],"replies":[{"embeddable":true,"href":"https:\/\/linitiative.ca\/International\/wp-json\/wp\/v2\/comments?post=79072"}],"version-history":[{"count":0,"href":"https:\/\/linitiative.ca\/International\/wp-json\/wp\/v2\/posts\/79072\/revisions"}],"wp:attachment":[{"href":"https:\/\/linitiative.ca\/International\/wp-json\/wp\/v2\/media?parent=79072"}],"wp:term":[{"taxonomy":"category","embeddable":true,"href":"https:\/\/linitiative.ca\/International\/wp-json\/wp\/v2\/categories?post=79072"},{"taxonomy":"post_tag","embeddable":true,"href":"https:\/\/linitiative.ca\/International\/wp-json\/wp\/v2\/tags?post=79072"}],"curies":[{"name":"wp","href":"https:\/\/api.w.org\/{rel}","templated":true}]}}