{"id":79075,"date":"2020-03-14T06:00:00","date_gmt":"2020-03-14T10:00:00","guid":{"rendered":"https:\/\/linitiative.ca\/International\/une-nation-bouleversee-mais-forte\/"},"modified":"2020-03-14T06:00:00","modified_gmt":"2020-03-14T10:00:00","slug":"une-nation-bouleversee-mais-forte","status":"publish","type":"post","link":"https:\/\/linitiative.ca\/International\/une-nation-bouleversee-mais-forte\/","title":{"rendered":"Une nation boulevers\u00e9e mais forte"},"content":{"rendered":"<div class=\"picture\"><img class=\"lazy\" data-original=\"\/data\/images\/article\/thumbs\/d-une-nation-bouleversee-mais-forte-23aa8.jpg\"\/>\n<\/div>\n<p><em>De notre correspondante \u00e0 Rome, A\u00efcha Abdeslem<br \/><\/em> D\u00e9\u00e7us par le manque de solidarit\u00e9 concr\u00e8te de la part de l\u2019Union europ\u00e9enne, les Italiens, depuis le d\u00e9but de cette \u00e9pid\u00e9mie, se sont mobilis\u00e9s pour \u00e9viter la propagation de l\u2019infection au Covid-19. Certes, la gravit\u00e9 de la situation n\u2019a pas \u00e9t\u00e9 tout de suite comprise, mais les autorit\u00e9s ont, depuis, appliqu\u00e9 des mesures tr\u00e8s drastiques pour \u00e9viter la contagion massive.<br \/>Isol\u00e9e mais d\u00e9termin\u00e9e \u00e0 en d\u00e9coudre avec la pand\u00e9mie du coronavirus, l\u2019Italie, second pays dans le monde en nombre de victimes du coronavirus et troisi\u00e8me en importance de personnes porteuses du Covid-19, a d\u00fb s\u2019organiser, en un temps record, pour ne pas se faire submerger par l\u2019ampleur de la contagion galopante. Seulement entre jeudi et vendredi, 2 200 nouveaux cas ont \u00e9t\u00e9 enregistr\u00e9s dans ce pays europ\u00e9en, faisant passer \u00e0 15 000 le nombre des patients infect\u00e9s.<br \/>Les Italiens, qui ont un grand sens de leur appartenance \u00e0 une m\u00eame communaut\u00e9, sont habitu\u00e9s \u00e0 s\u2019unir et \u00e0 se mobiliser dans les moments difficiles.<br \/>Les positions politiques, les chicanes entre m\u00e9ridionaux et septentrionaux, les extr\u00e9mismes des habitants des r\u00e9gions autonomes, tout cela se dissout quand \u00abl\u2019Italia chiama\u00bb (l\u2019Italie appelle), phrase cl\u00e9 de l\u2019hymne national italien \u00abFratelli d\u2019Italia\u00bb. Et c\u2019est cet esprit empathique qui pousse des milliers d\u2019Italiens \u00e0 laisser des billets encourageants dans les places et lieux publics avec ces mots simples : \u00abAndr\u00e0 tutto bene\u00bb(tout ira bien). Par contre, le soir, et comme ce fut le cas dans la ville chinoise de Wuhan, longtemps isol\u00e9e du reste du monde, le mot d\u2019ordre est de chanter l\u2019hymne national, des chansons du r\u00e9pertoire italien et de danser chez soi avec les fen\u00eatres ouvertes. Toutes ces initiatives visent \u00e0 maintenir le moral des Italiens au beau fixe et \u00e0 \u00e9viter \u00e0 une nation de sombrer dans l\u2019angoisse du lendemain. Il faut dire que l\u2019\u00e9conomie du pays enregistre, chaque jour, des pertes \u00e9normes, la Bourse, qui a battu de l\u2019aile ces derniers jours, a br\u00fbl\u00e9 des milliards d\u2019euros. De grandes entreprises comme Eni ou Saipem ont perdu sur la place de Milan jusqu\u2019\u00e0 20% de leur valeur, pour remonter un peu jeudi. Ce serait l\u2019effet, \u00e0 en croire les experts, de l\u2019appel du pr\u00e9sident de la R\u00e9publique Sergio Mattarella qui a invit\u00e9 l\u2019Union europ\u00e9enne \u00e0 fournir \u00abplus de solidarit\u00e9 \u00e0 l\u2019Italie et moins d\u2019obstacles\u00bb \u00e0 sa politique de lutte contre le coronavirus. Car les derni\u00e8res mesures appliqu\u00e9es dans la p\u00e9ninsule ont d\u00e9cr\u00e9t\u00e9 la fermeture des usines de production, \u00e0 l\u2019exception de celles vitales comme la fili\u00e8re de l\u2019agroalimentaire, celles pharmaceutiques, de tous les commerces, des \u00e9coles et universit\u00e9s et de limiter le transport des personnes\u2026<br \/>Des millions de salari\u00e9s sont somm\u00e9s de rester chez eux et la S\u00e9curit\u00e9 sociale devra les indemniser \u00e0 travers le r\u00e9gime des allocations pour maladies. Toutes ses d\u00e9penses publiques non pr\u00e9vues dans la loi de finances pousseront le gouvernement italien \u00e0 corriger son bilan, \u00e0 travers un passage au Parlement, qui devra fonctionner \u00e0 distance, vu que plusieurs d\u00e9put\u00e9s sont porteurs du Covid-19. Il faut dire que des 130 000 cas positifs au coronavirus dans le monde, 15 000 sont en Italie, et les experts s\u2019attendent \u00e0 une nette augmentation de ce chiffre dans les prochains jours. Les h\u00f4pitaux publics italiens sont contraints \u00e0 prendre en charge plus de 1 200 patients en soins intensifs, car la complication la plus redout\u00e9e du coronavirus est la pneumonie qui oblige les m\u00e9decins \u00e0 placer sous assistance respiratoire les malades vuln\u00e9rables \u00e0 cause de leur \u00e2ge avanc\u00e9 , ou parce qu\u2019ils pr\u00e9sentent des pathologies ant\u00e9rieures lourdes.<br \/>L\u2019Italie a, certes, des industriels qui fabriquent les ventilateurs et machines de respiration assist\u00e9e, mais l\u2019ampleur de la pand\u00e9mie a provoqu\u00e9 une carence de ces \u00e9quipements tout comme des masques protecteurs. De riches hommes d\u2019affaires, comme le patron du groupe Armani, ont fait des dons aux h\u00f4pitaux pour les aider \u00e0 r\u00e9sister sous le poids de l\u2019effort \u00e9norme qu\u2019ils sont appel\u00e9s \u00e0 fournir.<br \/>Des supporters de l\u2019\u00e9quipe de l\u2019Atalanta ont r\u00e9colt\u00e9 l\u2019argent des billets qui auraient servi pour assister aux matchs suspendus, pour faire une donation de 60 000 euros \u00e0 l\u2019h\u00f4pital de Bergame, d\u00e9pass\u00e9 par le nombre de malades qui affluent quotidiennement \u00e0 ses services.<br \/>Les mesures drastiques prises par le gouvernement Conte et les strat\u00e9gies de pr\u00e9vention mises en place par les responsables de la sant\u00e9 et d\u00e9sormais observ\u00e9es par la majorit\u00e9 des Italiens, plus conscients du danger d\u2019une contamination possible, ne porteront leurs fruits qu\u2019au d\u00e9but du mois d\u2019avril.<br \/>Quant au retour \u00e0 la normalit\u00e9 dans la vie \u00e9conomique et sociale, il faudrait attendre l\u2019\u00e9t\u00e9, selon les pr\u00e9visions des commissaires extraordinaires charg\u00e9s de g\u00e9rer la crise du coronavirus. En attendant, le c\u00e9l\u00e8bre sens de l\u2019humour italien s\u2019av\u00e8re un excellent vaccin contre la d\u00e9prime, surtout sur les r\u00e9seaux sociaux, devenus l\u2019un des rares moyens de communication en ces temps de confinement, voire de quarantaine forc\u00e9e pour les porteurs du virus m\u00eame ceux asymptomatiques, qui, semble-t-il, sont les plus contagieux.<br \/>\u00abCe la faremo\u00bb (on s\u2019en sortira), r\u00e9p\u00e8tent en ch\u0153ur les Italiens, plus unis que jamais autour de leurs institutions.<br \/>A. A.<\/p>\n<p>Auteur:<br \/>\n<a href=\"https:\/\/www.lesoirdalgerie.com\/actualites\/une-nation-bouleversee-mais-forte-40192\">Cliquez ici pour lire l&rsquo;article depuis sa source.<\/a><\/p>\n","protected":false},"excerpt":{"rendered":"<p>De notre correspondante \u00e0 Rome, A\u00efcha Abdeslem D\u00e9\u00e7us par le manque de solidarit\u00e9 concr\u00e8te de la part de l\u2019Union europ\u00e9enne, les Italiens, depuis le d\u00e9but de cette \u00e9pid\u00e9mie, se sont mobilis\u00e9s pour \u00e9viter la propagation de l\u2019infection au Covid-19. Certes, la gravit\u00e9 de la situation n\u2019a pas \u00e9t\u00e9 tout de suite comprise, mais les autorit\u00e9s [&hellip;]<\/p>\n","protected":false},"author":1741,"featured_media":0,"comment_status":"closed","ping_status":"closed","sticky":false,"template":"","format":"standard","meta":{"fifu_image_url":"","fifu_image_alt":"","footnotes":""},"categories":[73,53],"tags":[],"class_list":["post-79075","post","type-post","status-publish","format-standard","hentry","category-actualite","category-algerie"],"_links":{"self":[{"href":"https:\/\/linitiative.ca\/International\/wp-json\/wp\/v2\/posts\/79075","targetHints":{"allow":["GET"]}}],"collection":[{"href":"https:\/\/linitiative.ca\/International\/wp-json\/wp\/v2\/posts"}],"about":[{"href":"https:\/\/linitiative.ca\/International\/wp-json\/wp\/v2\/types\/post"}],"author":[{"embeddable":true,"href":"https:\/\/linitiative.ca\/International\/wp-json\/wp\/v2\/users\/1741"}],"replies":[{"embeddable":true,"href":"https:\/\/linitiative.ca\/International\/wp-json\/wp\/v2\/comments?post=79075"}],"version-history":[{"count":0,"href":"https:\/\/linitiative.ca\/International\/wp-json\/wp\/v2\/posts\/79075\/revisions"}],"wp:attachment":[{"href":"https:\/\/linitiative.ca\/International\/wp-json\/wp\/v2\/media?parent=79075"}],"wp:term":[{"taxonomy":"category","embeddable":true,"href":"https:\/\/linitiative.ca\/International\/wp-json\/wp\/v2\/categories?post=79075"},{"taxonomy":"post_tag","embeddable":true,"href":"https:\/\/linitiative.ca\/International\/wp-json\/wp\/v2\/tags?post=79075"}],"curies":[{"name":"wp","href":"https:\/\/api.w.org\/{rel}","templated":true}]}}