{"id":79078,"date":"2020-03-14T15:42:33","date_gmt":"2020-03-14T19:42:33","guid":{"rendered":"https:\/\/linitiative.ca\/International\/coronavirus-les-15-cas-confirmes-au-maroc-sont-en-tres-bon-etat-de-sante\/"},"modified":"2020-03-14T15:42:33","modified_gmt":"2020-03-14T19:42:33","slug":"coronavirus-les-15-cas-confirmes-au-maroc-sont-en-tres-bon-etat-de-sante","status":"publish","type":"post","link":"https:\/\/linitiative.ca\/International\/coronavirus-les-15-cas-confirmes-au-maroc-sont-en-tres-bon-etat-de-sante\/","title":{"rendered":"Coronavirus : Les 15 cas confirm\u00e9s au Maroc sont \u00ab\u00a0en tr\u00e8s bon \u00e9tat\u00a0\u00bb de sant\u00e9"},"content":{"rendered":"<p><strong>Les 15 cas actuellement confirm\u00e9s de contamination au nouveau coronavirus au Maroc se trouvent \u00ab\u00a0en tr\u00e8s bon \u00e9tat\u00a0\u00bb de sant\u00e9, sauf un dont son \u00e9tat peut \u00eatre qualifi\u00e9 de \u00ab\u00a0moyen\u00a0\u00bb, a assur\u00e9, samedi \u00e0 Rabat, le directeur de l\u2019\u00e9pid\u00e9miologie et de la lutte contre les maladies au minist\u00e8re de la Sant\u00e9, Mohamed El Youbi.<\/strong><\/p>\n<div class=\"c10\"\/>\n<p>Les neuf cas confirm\u00e9s samedi portent \u00e0 17 le nombre total des personnes atteintes de ce virus au Maroc, dont une dame d\u00e9c\u00e9d\u00e9e et un homme qui a gu\u00e9ri, a soulign\u00e9 El Youbi lors d\u2019un point de presse.<\/p>\n<p>Du point de vue nationalit\u00e9, 11 parmi les personnes atteintes du virus sont marocaines et les six autres son fran\u00e7aises, a expliqu\u00e9 M. El Youbi.<\/p>\n<p>Il a \u00e9galement fait savoir que parmi les cas confirm\u00e9s, 10 sont de sexe masculin et 7 de sexe f\u00e9minin, ajoutant que la moyenne d\u2019\u00e2ge de l\u2019ensemble des cas est de 51 ans, avec un b\u00e9b\u00e9 de 9 mois comme plus jeune cas, contre une dame de 89 ans (d\u00e9c\u00e9d\u00e9e), comme \u00e2ge maximum.<\/p>\n<div class=\"c17\">\n<fieldset class=\"c16\">\n<legend><strong><span class=\"c11\">Challenge<\/span><span class=\"c12\">news<\/span><\/strong><\/legend>\n<div class=\"c15\">Le meilleur de Challenge s\u00e9lectionn\u00e9 par la r\u00e9daction :<\/p>\n<\/div>\n<\/fieldset>\n<\/div>\n<p>Auteur: challenge<br \/>\n<a href=\"https:\/\/www.challenge.ma\/coronavirus-les-15-cas-confirmes-au-maroc-sont-en-tres-bon-etat-de-sante-132257\/\">Cliquez ici pour lire l&rsquo;article depuis sa source.<\/a><\/p>\n","protected":false},"excerpt":{"rendered":"<p>Les 15 cas actuellement confirm\u00e9s de contamination au nouveau coronavirus au Maroc se trouvent \u00ab\u00a0en tr\u00e8s bon \u00e9tat\u00a0\u00bb de sant\u00e9, sauf un dont son \u00e9tat peut \u00eatre qualifi\u00e9 de \u00ab\u00a0moyen\u00a0\u00bb, a assur\u00e9, samedi \u00e0 Rabat, le directeur de l\u2019\u00e9pid\u00e9miologie et de la lutte contre les maladies au minist\u00e8re de la Sant\u00e9, Mohamed El Youbi. Les [&hellip;]<\/p>\n","protected":false},"author":1787,"featured_media":0,"comment_status":"closed","ping_status":"closed","sticky":false,"template":"","format":"standard","meta":{"fifu_image_url":"","fifu_image_alt":"","footnotes":""},"categories":[78,54],"tags":[],"class_list":["post-79078","post","type-post","status-publish","format-standard","hentry","category-economie","category-maroc"],"_links":{"self":[{"href":"https:\/\/linitiative.ca\/International\/wp-json\/wp\/v2\/posts\/79078","targetHints":{"allow":["GET"]}}],"collection":[{"href":"https:\/\/linitiative.ca\/International\/wp-json\/wp\/v2\/posts"}],"about":[{"href":"https:\/\/linitiative.ca\/International\/wp-json\/wp\/v2\/types\/post"}],"author":[{"embeddable":true,"href":"https:\/\/linitiative.ca\/International\/wp-json\/wp\/v2\/users\/1787"}],"replies":[{"embeddable":true,"href":"https:\/\/linitiative.ca\/International\/wp-json\/wp\/v2\/comments?post=79078"}],"version-history":[{"count":0,"href":"https:\/\/linitiative.ca\/International\/wp-json\/wp\/v2\/posts\/79078\/revisions"}],"wp:attachment":[{"href":"https:\/\/linitiative.ca\/International\/wp-json\/wp\/v2\/media?parent=79078"}],"wp:term":[{"taxonomy":"category","embeddable":true,"href":"https:\/\/linitiative.ca\/International\/wp-json\/wp\/v2\/categories?post=79078"},{"taxonomy":"post_tag","embeddable":true,"href":"https:\/\/linitiative.ca\/International\/wp-json\/wp\/v2\/tags?post=79078"}],"curies":[{"name":"wp","href":"https:\/\/api.w.org\/{rel}","templated":true}]}}