{"id":79079,"date":"2020-03-14T15:55:34","date_gmt":"2020-03-14T19:55:34","guid":{"rendered":"https:\/\/linitiative.ca\/International\/le-maroc-suspend-ses-vols-de-et-vers-plusieurs-pays\/"},"modified":"2020-03-14T15:55:34","modified_gmt":"2020-03-14T19:55:34","slug":"le-maroc-suspend-ses-vols-de-et-vers-plusieurs-pays","status":"publish","type":"post","link":"https:\/\/linitiative.ca\/International\/le-maroc-suspend-ses-vols-de-et-vers-plusieurs-pays\/","title":{"rendered":"Le Maroc suspend ses vols de et vers plusieurs pays"},"content":{"rendered":"<p><strong>Une vingtaine d\u2019autres pays sont concern\u00e9s par cette mesures.<\/strong><\/p>\n<div class=\"c10\"\/>\n<p>Dans le cadre des mesures pr\u00e9ventives contre la propagation du Coronavirus, les autorit\u00e9s marocaines ont d\u00e9cid\u00e9 la suspension jusqu\u2019\u00e0 nouvel ordre, des vols de passagers, en provenance et \u00e0 destination de plusieurs pays, annonce le minist\u00e8re des Affaires \u00e9trang\u00e8res, de la Coop\u00e9ration africaine et des Marocains r\u00e9sidant \u00e0 l\u2019\u00e9tranger.<\/p>\n<p>Il s\u2019agit de l\u2019Autriche, du Danemark, de la Gr\u00e8ce, de la Suisse, de la Su\u00e8de, de la Norv\u00e8ge et la Turquie, pr\u00e9cise le minist\u00e8re dans un communiqu\u00e9.<\/p>\n<p>Il s\u2019agit aussi du Liban, de l\u2019\u00c9gypte, de Bahre\u00efn, des \u00c9mirats Arabes Unis, d\u2019Oman, de la Jordanie et de la Tunisie.<\/p>\n<p>Cette suspension concerne \u00e9galement le S\u00e9n\u00e9gal, la Mauritanie, le Niger, le Mali, le Tchad, le Canada et le Br\u00e9sil, selon la m\u00eame source.<\/p>\n<p>Ces mesures ont \u00e9t\u00e9 pr\u00e9alablement notifi\u00e9es aux pays concern\u00e9s par voie diplomatique, conclut le communiqu\u00e9.<\/p>\n<div class=\"c17\">\n<fieldset class=\"c16\">\n<legend><strong><span class=\"c11\">Challenge<\/span><span class=\"c12\">news<\/span><\/strong><\/legend>\n<div class=\"c15\">Le meilleur de Challenge s\u00e9lectionn\u00e9 par la r\u00e9daction :<\/p>\n<\/div>\n<\/fieldset>\n<\/div>\n<p>Auteur: challenge<br \/>\n<a href=\"https:\/\/www.challenge.ma\/le-maroc-suspend-ses-vols-de-et-vers-plusieurs-pays-132268\/\">Cliquez ici pour lire l&rsquo;article depuis sa source.<\/a><\/p>\n","protected":false},"excerpt":{"rendered":"<p>Une vingtaine d\u2019autres pays sont concern\u00e9s par cette mesures. Dans le cadre des mesures pr\u00e9ventives contre la propagation du Coronavirus, les autorit\u00e9s marocaines ont d\u00e9cid\u00e9 la suspension jusqu\u2019\u00e0 nouvel ordre, des vols de passagers, en provenance et \u00e0 destination de plusieurs pays, annonce le minist\u00e8re des Affaires \u00e9trang\u00e8res, de la Coop\u00e9ration africaine et des Marocains [&hellip;]<\/p>\n","protected":false},"author":1787,"featured_media":0,"comment_status":"closed","ping_status":"closed","sticky":false,"template":"","format":"standard","meta":{"fifu_image_url":"","fifu_image_alt":"","footnotes":""},"categories":[78,54],"tags":[],"class_list":["post-79079","post","type-post","status-publish","format-standard","hentry","category-economie","category-maroc"],"_links":{"self":[{"href":"https:\/\/linitiative.ca\/International\/wp-json\/wp\/v2\/posts\/79079","targetHints":{"allow":["GET"]}}],"collection":[{"href":"https:\/\/linitiative.ca\/International\/wp-json\/wp\/v2\/posts"}],"about":[{"href":"https:\/\/linitiative.ca\/International\/wp-json\/wp\/v2\/types\/post"}],"author":[{"embeddable":true,"href":"https:\/\/linitiative.ca\/International\/wp-json\/wp\/v2\/users\/1787"}],"replies":[{"embeddable":true,"href":"https:\/\/linitiative.ca\/International\/wp-json\/wp\/v2\/comments?post=79079"}],"version-history":[{"count":0,"href":"https:\/\/linitiative.ca\/International\/wp-json\/wp\/v2\/posts\/79079\/revisions"}],"wp:attachment":[{"href":"https:\/\/linitiative.ca\/International\/wp-json\/wp\/v2\/media?parent=79079"}],"wp:term":[{"taxonomy":"category","embeddable":true,"href":"https:\/\/linitiative.ca\/International\/wp-json\/wp\/v2\/categories?post=79079"},{"taxonomy":"post_tag","embeddable":true,"href":"https:\/\/linitiative.ca\/International\/wp-json\/wp\/v2\/tags?post=79079"}],"curies":[{"name":"wp","href":"https:\/\/api.w.org\/{rel}","templated":true}]}}