{"id":79080,"date":"2020-03-14T16:26:13","date_gmt":"2020-03-14T20:26:13","guid":{"rendered":"https:\/\/linitiative.ca\/International\/abdelkader-amara-contamine-par-le-coronavirus\/"},"modified":"2020-03-14T16:26:13","modified_gmt":"2020-03-14T20:26:13","slug":"abdelkader-amara-contamine-par-le-coronavirus","status":"publish","type":"post","link":"https:\/\/linitiative.ca\/International\/abdelkader-amara-contamine-par-le-coronavirus\/","title":{"rendered":"Abdelkader Amara contamin\u00e9 par le coronavirus"},"content":{"rendered":"<p><strong>Le ministre de l\u2019Equipement, du Transport, de la Logistique et de l\u2019Eau, Abdelkader Amara, a \u00e9t\u00e9 contamin\u00e9 par le coronavirus, annonce samedi soir un communiqu\u00e9 de son d\u00e9partement.<\/strong><\/p>\n<div class=\"c10\"\/>\n<p>Apr\u00e8s son retour d\u2019une mission officielle dans des pays europ\u00e9ens, et apr\u00e8s avoir ressenti une fatigue anormale accompagn\u00e9e de maux de t\u00eate, le ministre s\u2019est pr\u00e9sent\u00e9 aux services m\u00e9dicaux qui l\u2019ont soumis aux examens et analyses n\u00e9cessaires qui ont confirm\u00e9 sa contamination par le nouveau coronavirus (Covid 19), pr\u00e9cise le communiqu\u00e9.<\/p>\n<p>Etant donn\u00e9 que les sympt\u00f4mes pr\u00e9sent\u00e9s par le ministre sont l\u00e9gers et ne suscitent aucune inqui\u00e9tude, et conform\u00e9ment aux instructions des m\u00e9decins, le ministre demeurera chez lui durant 14 jours, et exercera ses fonctions habituelles en utilisant tous les moyens technologiques qui permettent de travailler \u00e0 distance, tout en prenant les pr\u00e9cautions sanitaires n\u00e9cessaires, conform\u00e9ment aux instructions du minist\u00e8re de la Sant\u00e9, ajoute la m\u00eame source.<\/p>\n<div class=\"c17\">\n<fieldset class=\"c16\">\n<legend><strong><span class=\"c11\">Challenge<\/span><span class=\"c12\">news<\/span><\/strong><\/legend>\n<div class=\"c15\">Le meilleur de Challenge s\u00e9lectionn\u00e9 par la r\u00e9daction :<\/p>\n<\/div>\n<\/fieldset>\n<\/div>\n<p>Auteur: challenge<br \/>\n<a href=\"https:\/\/www.challenge.ma\/abdelkader-amara-contamine-par-le-coronavirus-132273\/\">Cliquez ici pour lire l&rsquo;article depuis sa source.<\/a><\/p>\n","protected":false},"excerpt":{"rendered":"<p>Le ministre de l\u2019Equipement, du Transport, de la Logistique et de l\u2019Eau, Abdelkader Amara, a \u00e9t\u00e9 contamin\u00e9 par le coronavirus, annonce samedi soir un communiqu\u00e9 de son d\u00e9partement. Apr\u00e8s son retour d\u2019une mission officielle dans des pays europ\u00e9ens, et apr\u00e8s avoir ressenti une fatigue anormale accompagn\u00e9e de maux de t\u00eate, le ministre s\u2019est pr\u00e9sent\u00e9 aux [&hellip;]<\/p>\n","protected":false},"author":1787,"featured_media":0,"comment_status":"closed","ping_status":"closed","sticky":false,"template":"","format":"standard","meta":{"fifu_image_url":"","fifu_image_alt":"","footnotes":""},"categories":[78,54],"tags":[],"class_list":["post-79080","post","type-post","status-publish","format-standard","hentry","category-economie","category-maroc"],"_links":{"self":[{"href":"https:\/\/linitiative.ca\/International\/wp-json\/wp\/v2\/posts\/79080","targetHints":{"allow":["GET"]}}],"collection":[{"href":"https:\/\/linitiative.ca\/International\/wp-json\/wp\/v2\/posts"}],"about":[{"href":"https:\/\/linitiative.ca\/International\/wp-json\/wp\/v2\/types\/post"}],"author":[{"embeddable":true,"href":"https:\/\/linitiative.ca\/International\/wp-json\/wp\/v2\/users\/1787"}],"replies":[{"embeddable":true,"href":"https:\/\/linitiative.ca\/International\/wp-json\/wp\/v2\/comments?post=79080"}],"version-history":[{"count":0,"href":"https:\/\/linitiative.ca\/International\/wp-json\/wp\/v2\/posts\/79080\/revisions"}],"wp:attachment":[{"href":"https:\/\/linitiative.ca\/International\/wp-json\/wp\/v2\/media?parent=79080"}],"wp:term":[{"taxonomy":"category","embeddable":true,"href":"https:\/\/linitiative.ca\/International\/wp-json\/wp\/v2\/categories?post=79080"},{"taxonomy":"post_tag","embeddable":true,"href":"https:\/\/linitiative.ca\/International\/wp-json\/wp\/v2\/tags?post=79080"}],"curies":[{"name":"wp","href":"https:\/\/api.w.org\/{rel}","templated":true}]}}