{"id":79092,"date":"2020-03-14T13:18:12","date_gmt":"2020-03-14T17:18:12","guid":{"rendered":"https:\/\/linitiative.ca\/International\/covid-19-le-maroc-interdit-tous-les-rassemblements-publics-de-plus-de-50-personnes\/"},"modified":"2020-03-14T13:18:12","modified_gmt":"2020-03-14T17:18:12","slug":"covid-19-le-maroc-interdit-tous-les-rassemblements-publics-de-plus-de-50-personnes","status":"publish","type":"post","link":"https:\/\/linitiative.ca\/International\/covid-19-le-maroc-interdit-tous-les-rassemblements-publics-de-plus-de-50-personnes\/","title":{"rendered":"Covid-19 : Le Maroc interdit tous les rassemblements publics de plus de 50 personnes"},"content":{"rendered":"<div readability=\"32\">\n<p>Publi\u00e9 le 14.03.2020 \u00e0 18h18 par APA News<\/p>\n<\/div>\n<div readability=\"64\">\n<p>Le Maroc a d\u00e9cid\u00e9, et jusqu\u2019\u00e0 nouvel ordre, d\u2019interdire tous les rassemblements publics auxquels prennent part plus de 50 personnes et ce dans le cadre des mesures pr\u00e9ventives prises pour faire face \u00e0 la situation exceptionnelle li\u00e9e au risque de propagation du nouveau Coronavirus sur le territoire national, indique un communiqu\u00e9 du minist\u00e8re de l\u2019int\u00e9rieur.Dans le m\u00eame cadre, il a \u00e9t\u00e9 \u00e9galement d\u00e9cid\u00e9 d\u2019annuler tous les \u00e9v\u00e9nements et rencontres sportifs, culturels et artistiques, souligne la m\u00eame source.<\/p>\n<p>Aussi et dans le cadre des mesures prises pour lutter contre la propagation du Covid-19, le Maroc d\u00e9cid\u00e9 de suspendre \u00e0 compter du lundi 16 mars et jusqu\u2019\u00e0 nouvel ordre les \u00e9tudes dans tous \u00e9tablissements scolaires, universit\u00e9s, les \u00e9tablissements de formation professionnelle et les cr\u00e8ches qu\u2019ils soient publics ou priv\u00e9s, ainsi que les centres linguistiques des missions \u00e9trang\u00e8res et les centres priv\u00e9s de soutien p\u00e9dagogique.<\/p>\n<p>Au niveau international, le Royaume a d\u00e9cid\u00e9 de suspendre les vols et les liaisons maritimes avec plusieurs pays europ\u00e9ens notamment la France, l\u2019Espagne, l\u2019Italie et l\u2019Allemagne et aussi avec l\u2019Alg\u00e9rie voisine.<\/p>\n<p>Depuis l\u2019apparition de l\u2019\u00e9pid\u00e9mie, huit cas test\u00e9s positifs ont \u00e9t\u00e9 enregistr\u00e9s dans le Royaume, dont une patiente \u00e2g\u00e9e de 89 ans, d\u00e9c\u00e9d\u00e9e mardi \u00e0 Casablanca et un autre cas s\u2019est enti\u00e8rement r\u00e9tabli de la maladie.<\/p>\n<\/div>\n<p>Auteur: APA News<br \/>\n<a href=\"https:\/\/www.journalducameroun.com\/covid-19-le-maroc-interdit-tous-les-rassemblements-publics-de-plus-de-50-personnes\/\">Cliquez ici pour lire l&rsquo;article depuis sa source.<\/a><\/p>\n","protected":false},"excerpt":{"rendered":"<p>Publi\u00e9 le 14.03.2020 \u00e0 18h18 par APA News Le Maroc a d\u00e9cid\u00e9, et jusqu\u2019\u00e0 nouvel ordre, d\u2019interdire tous les rassemblements publics auxquels prennent part plus de 50 personnes et ce dans le cadre des mesures pr\u00e9ventives prises pour faire face \u00e0 la situation exceptionnelle li\u00e9e au risque de propagation du nouveau Coronavirus sur le territoire [&hellip;]<\/p>\n","protected":false},"author":1965,"featured_media":0,"comment_status":"closed","ping_status":"closed","sticky":false,"template":"","format":"standard","meta":{"fifu_image_url":"","fifu_image_alt":"","footnotes":""},"categories":[73,82],"tags":[],"class_list":["post-79092","post","type-post","status-publish","format-standard","hentry","category-actualite","category-cameroun"],"_links":{"self":[{"href":"https:\/\/linitiative.ca\/International\/wp-json\/wp\/v2\/posts\/79092","targetHints":{"allow":["GET"]}}],"collection":[{"href":"https:\/\/linitiative.ca\/International\/wp-json\/wp\/v2\/posts"}],"about":[{"href":"https:\/\/linitiative.ca\/International\/wp-json\/wp\/v2\/types\/post"}],"author":[{"embeddable":true,"href":"https:\/\/linitiative.ca\/International\/wp-json\/wp\/v2\/users\/1965"}],"replies":[{"embeddable":true,"href":"https:\/\/linitiative.ca\/International\/wp-json\/wp\/v2\/comments?post=79092"}],"version-history":[{"count":0,"href":"https:\/\/linitiative.ca\/International\/wp-json\/wp\/v2\/posts\/79092\/revisions"}],"wp:attachment":[{"href":"https:\/\/linitiative.ca\/International\/wp-json\/wp\/v2\/media?parent=79092"}],"wp:term":[{"taxonomy":"category","embeddable":true,"href":"https:\/\/linitiative.ca\/International\/wp-json\/wp\/v2\/categories?post=79092"},{"taxonomy":"post_tag","embeddable":true,"href":"https:\/\/linitiative.ca\/International\/wp-json\/wp\/v2\/tags?post=79092"}],"curies":[{"name":"wp","href":"https:\/\/api.w.org\/{rel}","templated":true}]}}