{"id":79093,"date":"2020-03-14T15:18:03","date_gmt":"2020-03-14T19:18:03","guid":{"rendered":"https:\/\/linitiative.ca\/International\/le-senegal-detecte-trois-nouveaux-cas-de-covid-19\/"},"modified":"2020-03-14T15:18:03","modified_gmt":"2020-03-14T19:18:03","slug":"le-senegal-detecte-trois-nouveaux-cas-de-covid-19","status":"publish","type":"post","link":"https:\/\/linitiative.ca\/International\/le-senegal-detecte-trois-nouveaux-cas-de-covid-19\/","title":{"rendered":"Le S\u00e9n\u00e9gal d\u00e9tecte trois nouveaux cas de Covid-19"},"content":{"rendered":"<div readability=\"32\">\n<p>Publi\u00e9 le 14.03.2020 \u00e0 20h18 par APA News<\/p>\n<\/div>\n<div readability=\"48\">\n<p>Le S\u00e9n\u00e9gal a enregistr\u00e9, ce samedi, trois nouveaux cas de Covid-19, portant le bilan \u00e0 22 contaminations, annonce le minist\u00e8re de la Sant\u00e9 et de l\u2019Action sociale.Pour les nouveaux cas, il s\u2019agit d\u2019un b\u00e9b\u00e9 de 2 ans, fils de l\u2019\u00e9migr\u00e9 revenu d\u2019Italie. Le deuxi\u00e8me cas positif est un Espagnol de 51 ans, revenu au S\u00e9n\u00e9gal le 10 mars et r\u00e9sidant \u00e0 Dakar, alors que le troisi\u00e8me cas est une Fran\u00e7aise de 68 ans, revenue au S\u00e9n\u00e9gal le 12 mars et r\u00e9sidant \u00e0 Nianing (petite c\u00f4te, ouest).\u00a0<\/p>\n<p>Au total, le S\u00e9n\u00e9gal compte 22 cas positifs du virus covid-19.<\/p>\n<\/div>\n<p>Auteur: APA News<br \/>\n<a href=\"https:\/\/www.journalducameroun.com\/le-senegal-detecte-trois-nouveaux-cas-de-covid-19\/\">Cliquez ici pour lire l&rsquo;article depuis sa source.<\/a><\/p>\n","protected":false},"excerpt":{"rendered":"<p>Publi\u00e9 le 14.03.2020 \u00e0 20h18 par APA News Le S\u00e9n\u00e9gal a enregistr\u00e9, ce samedi, trois nouveaux cas de Covid-19, portant le bilan \u00e0 22 contaminations, annonce le minist\u00e8re de la Sant\u00e9 et de l\u2019Action sociale.Pour les nouveaux cas, il s\u2019agit d\u2019un b\u00e9b\u00e9 de 2 ans, fils de l\u2019\u00e9migr\u00e9 revenu d\u2019Italie. Le deuxi\u00e8me cas positif est [&hellip;]<\/p>\n","protected":false},"author":1965,"featured_media":0,"comment_status":"closed","ping_status":"closed","sticky":false,"template":"","format":"standard","meta":{"fifu_image_url":"","fifu_image_alt":"","footnotes":""},"categories":[73,82],"tags":[],"class_list":["post-79093","post","type-post","status-publish","format-standard","hentry","category-actualite","category-cameroun"],"_links":{"self":[{"href":"https:\/\/linitiative.ca\/International\/wp-json\/wp\/v2\/posts\/79093","targetHints":{"allow":["GET"]}}],"collection":[{"href":"https:\/\/linitiative.ca\/International\/wp-json\/wp\/v2\/posts"}],"about":[{"href":"https:\/\/linitiative.ca\/International\/wp-json\/wp\/v2\/types\/post"}],"author":[{"embeddable":true,"href":"https:\/\/linitiative.ca\/International\/wp-json\/wp\/v2\/users\/1965"}],"replies":[{"embeddable":true,"href":"https:\/\/linitiative.ca\/International\/wp-json\/wp\/v2\/comments?post=79093"}],"version-history":[{"count":0,"href":"https:\/\/linitiative.ca\/International\/wp-json\/wp\/v2\/posts\/79093\/revisions"}],"wp:attachment":[{"href":"https:\/\/linitiative.ca\/International\/wp-json\/wp\/v2\/media?parent=79093"}],"wp:term":[{"taxonomy":"category","embeddable":true,"href":"https:\/\/linitiative.ca\/International\/wp-json\/wp\/v2\/categories?post=79093"},{"taxonomy":"post_tag","embeddable":true,"href":"https:\/\/linitiative.ca\/International\/wp-json\/wp\/v2\/tags?post=79093"}],"curies":[{"name":"wp","href":"https:\/\/api.w.org\/{rel}","templated":true}]}}