{"id":79094,"date":"2020-03-14T16:57:42","date_gmt":"2020-03-14T20:57:42","guid":{"rendered":"https:\/\/linitiative.ca\/International\/cameroun-le-chan-2020-menace-par-le-virus-du-covid-19\/"},"modified":"2020-03-14T16:57:42","modified_gmt":"2020-03-14T20:57:42","slug":"cameroun-le-chan-2020-menace-par-le-virus-du-covid-19","status":"publish","type":"post","link":"https:\/\/linitiative.ca\/International\/cameroun-le-chan-2020-menace-par-le-virus-du-covid-19\/","title":{"rendered":"Cameroun : le Chan 2020 menac\u00e9 par le virus du Covid 19"},"content":{"rendered":"<div readability=\"32\">\n<p>Publi\u00e9 le 14.03.2020 \u00e0 21h57 par Christian Djimadeu<\/p>\n<\/div>\n<div readability=\"72\">\n<h2 class=\"c4\"><span class=\"c3\">La Conf\u00e9d\u00e9ration africaine de football vient de reporter les matches des \u00e9liminatoires de la Can 2021. Dans le m\u00eame temps, le Rwanda, qualifi\u00e9 pour le Championnat d\u2019Afrique des nations, d\u00e9cide de retirer son \u00e9quipe \u00e0 deux semaines du coup-d \u2018envoi. Des d\u00e9cisions lourdes de cons\u00e9quences.\u00a0<\/span><\/h2>\n<p class=\"c5\"><span class=\"c3\">Tout ou presque s\u2019arr\u00eate pour la Conf\u00e9d\u00e9ration africaine de football. La propagation du Covid 19 inqui\u00e8te l\u2019instance faiti\u00e8re continentale de la discipline.\u00a0 \u2039\u2039 <em>Suite \u00e0 la requalification de la crise sanitaire mondiale actuelle du \u00ab\u00a0Covid-19\u00a0\u00bb ou Coronavirus, en pand\u00e9mie par l\u2019Organisation Mondiale de la Sant\u00e9, compte tenu \u00e9galement des difficult\u00e9s de d\u00e9placements de plus en plus grandes \u00e0 travers le monde et consciente que la plupart des joueurs qui composent nos s\u00e9lections africaines \u00e9voluent hors du continent, La CAF estime que l\u2019organisation des matches \u00e9liminatoires de la CAN Total 2021 (3e et 4e journ\u00e9e) ne peut \u00eatre assur\u00e9e convenablement. En cons\u00e9quence, elle d\u00e9cide du report des matchs des 3e et 4e journ\u00e9es \u00e0 une date ult\u00e9rieure<\/em>. \u203a\u203a<\/span><\/p>\n<p class=\"c5\"><span class=\"c3\">La CAF pr\u00e9cise aussi que : \u2039\u2039 <em>Les Qualifications \u00e0 la CAN F\u00e9minine 2020, pr\u00e9vues du 8 au 14 Avril 2020, ainsi que les Qualifications \u00e0 la Coupe du Monde F\u00e9minine U20 pr\u00e9vues du 20 au 29 Mars 2020, sont \u00e9galement report\u00e9es<\/em>. \u203a\u203a<\/span><\/p>\n<p class=\"c5\"><span class=\"c3\">Dans la foul\u00e9e, la F\u00e9d\u00e9ration rwandaise de football, disqualifie son \u00e9quipe du Chan. Or, le Rwanda est le premier pays qui a foul\u00e9 le sol camerounais pour pr\u00e9parer le Chan. Cons\u00e9quence, ce retrait ram\u00e8ne \u00e0 15 le nombre d\u2019\u00e9quipes attendues pour la Comp\u00e9tition. Le Rwanda faisait partie de la poule C avec le Maroc, l\u2019Ouganda et le Togo.<\/span><\/p>\n<p class=\"c5\"><span class=\"c3\">Une \u00e9quipe de m\u00e9decins de la Conf\u00e9d\u00e9ration africaine de football \u00e9tait annonc\u00e9e ce 14 mars au Cameroun pour juger de la n\u00e9cessit\u00e9 ou non de jouer le Chan \u00e0 la p\u00e9riode convenue. A savoir du 4 au 25 avril.<\/span><\/p>\n<p class=\"c5\"><span class=\"c3\">Ce m\u00eame jour d\u2019arriv\u00e9e de la d\u00e9l\u00e9gation de la CAF, le ministre de la Sant\u00e9 publique alerte l\u2019opinion d\u2019un troisi\u00e8me cas de Coronavirus d\u00e9tect\u00e9.<\/span><\/p>\n<p class=\"c5\"><span class=\"c3\">Depuis la survenue du premier cas, le gouvernement camerounais prend des mesures pour les restreindre\u00a0 et en \u00e9viter d\u2019autres. Notamment des d\u00e9pistages \u00e0 tous les demandeurs de visas pour le Cameroun, l\u2019interdiction de sortie du territoire aux ministres et secr\u00e9taires d\u2019\u00c9tat, et la sensibilisation des citoyens.<\/span><\/p>\n<\/div>\n<p>Auteur: Christian DJIMADEU<br \/>\n<a href=\"https:\/\/www.journalducameroun.com\/359737-2-cameroun\/\">Cliquez ici pour lire l&rsquo;article depuis sa source.<\/a><\/p>\n","protected":false},"excerpt":{"rendered":"<p>Publi\u00e9 le 14.03.2020 \u00e0 21h57 par Christian Djimadeu La Conf\u00e9d\u00e9ration africaine de football vient de reporter les matches des \u00e9liminatoires de la Can 2021. Dans le m\u00eame temps, le Rwanda, qualifi\u00e9 pour le Championnat d\u2019Afrique des nations, d\u00e9cide de retirer son \u00e9quipe \u00e0 deux semaines du coup-d \u2018envoi. Des d\u00e9cisions lourdes de cons\u00e9quences.\u00a0 Tout ou [&hellip;]<\/p>\n","protected":false},"author":1965,"featured_media":0,"comment_status":"closed","ping_status":"closed","sticky":false,"template":"","format":"standard","meta":{"fifu_image_url":"","fifu_image_alt":"","footnotes":""},"categories":[73,82],"tags":[],"class_list":["post-79094","post","type-post","status-publish","format-standard","hentry","category-actualite","category-cameroun"],"_links":{"self":[{"href":"https:\/\/linitiative.ca\/International\/wp-json\/wp\/v2\/posts\/79094","targetHints":{"allow":["GET"]}}],"collection":[{"href":"https:\/\/linitiative.ca\/International\/wp-json\/wp\/v2\/posts"}],"about":[{"href":"https:\/\/linitiative.ca\/International\/wp-json\/wp\/v2\/types\/post"}],"author":[{"embeddable":true,"href":"https:\/\/linitiative.ca\/International\/wp-json\/wp\/v2\/users\/1965"}],"replies":[{"embeddable":true,"href":"https:\/\/linitiative.ca\/International\/wp-json\/wp\/v2\/comments?post=79094"}],"version-history":[{"count":0,"href":"https:\/\/linitiative.ca\/International\/wp-json\/wp\/v2\/posts\/79094\/revisions"}],"wp:attachment":[{"href":"https:\/\/linitiative.ca\/International\/wp-json\/wp\/v2\/media?parent=79094"}],"wp:term":[{"taxonomy":"category","embeddable":true,"href":"https:\/\/linitiative.ca\/International\/wp-json\/wp\/v2\/categories?post=79094"},{"taxonomy":"post_tag","embeddable":true,"href":"https:\/\/linitiative.ca\/International\/wp-json\/wp\/v2\/tags?post=79094"}],"curies":[{"name":"wp","href":"https:\/\/api.w.org\/{rel}","templated":true}]}}