{"id":79095,"date":"2020-03-14T17:18:03","date_gmt":"2020-03-14T21:18:03","guid":{"rendered":"https:\/\/linitiative.ca\/International\/covid-19-le-maroc-suspend-les-vols-en-provenance-et-a-destination-de-plusieurs-pays-europeens-arabes-et-africains\/"},"modified":"2020-03-14T17:18:03","modified_gmt":"2020-03-14T21:18:03","slug":"covid-19-le-maroc-suspend-les-vols-en-provenance-et-a-destination-de-plusieurs-pays-europeens-arabes-et-africains","status":"publish","type":"post","link":"https:\/\/linitiative.ca\/International\/covid-19-le-maroc-suspend-les-vols-en-provenance-et-a-destination-de-plusieurs-pays-europeens-arabes-et-africains\/","title":{"rendered":"Covid-19 : Le Maroc suspend les vols en provenance et \u00e0 destination de plusieurs pays europ\u00e9ens, arabes et africains"},"content":{"rendered":"<div readability=\"32\">\n<p>Publi\u00e9 le 14.03.2020 \u00e0 22h18 par APA News<\/p>\n<\/div>\n<div readability=\"75\">\n<p>Le Maroc a suspendu, jusqu\u2019\u00e0 nouvel ordre, les vols \u00e0 destination et en provenance de 21 nouveaux pays europ\u00e9ens, arabes et africains et ce dans le cadre des efforts visant \u00e0 lutter contre la propagation de l\u2019\u00e9pid\u00e9mie du Covid-19, a annonc\u00e9 samedi le minist\u00e8re des Affaires \u00e9trang\u00e8res dans un communiqu\u00e9 parvenu \u00e0 APA.Il s\u2019agit de l\u2019Autriche, du Danemark, de la Gr\u00e8ce, de la Suisse, de Su\u00e8de, de la Norv\u00e8ge et la Turquie.<\/p>\n<p>Cette mesure concerne aussi le Canada, le S\u00e9n\u00e9gal, le Niger, le Mali, le Tchad, la Mauritanie, le Br\u00e9sil, le Liban, l\u2019\u00c9gypte, le Bahre\u00efn, les \u00c9mirats Arabes Unis, Oman, la Jordanie et la Tunisie, pr\u00e9cise la m\u00eame source.<\/p>\n<p>Cette d\u00e9cision intervient apr\u00e8s la suspension des vols de et en direction de la Chine, de l\u2019Alg\u00e9rie, de l\u2019Espagne, de la France, du Portugal, de la Belgique, des Pays Bas et de l\u2019Allemagne.<\/p>\n<p>A ce jour, 18 cas de contamination par le coronavirus Covid-19 sont recens\u00e9s au Royaume, dont un seul d\u00e9c\u00e8s. Le premier patient au Maroc est enti\u00e8rement r\u00e9tabli.<\/p>\n<\/div>\n<p>Auteur: APA News<br \/>\n<a href=\"https:\/\/www.journalducameroun.com\/covid-19-le-maroc-suspend-les-vols-en-provenance-et-a-destination-de-plusieurs-pays-europeens-arabes-et-africains\/\">Cliquez ici pour lire l&rsquo;article depuis sa source.<\/a><\/p>\n","protected":false},"excerpt":{"rendered":"<p>Publi\u00e9 le 14.03.2020 \u00e0 22h18 par APA News Le Maroc a suspendu, jusqu\u2019\u00e0 nouvel ordre, les vols \u00e0 destination et en provenance de 21 nouveaux pays europ\u00e9ens, arabes et africains et ce dans le cadre des efforts visant \u00e0 lutter contre la propagation de l\u2019\u00e9pid\u00e9mie du Covid-19, a annonc\u00e9 samedi le minist\u00e8re des Affaires \u00e9trang\u00e8res [&hellip;]<\/p>\n","protected":false},"author":1965,"featured_media":0,"comment_status":"closed","ping_status":"closed","sticky":false,"template":"","format":"standard","meta":{"fifu_image_url":"","fifu_image_alt":"","footnotes":""},"categories":[73,82],"tags":[],"class_list":["post-79095","post","type-post","status-publish","format-standard","hentry","category-actualite","category-cameroun"],"_links":{"self":[{"href":"https:\/\/linitiative.ca\/International\/wp-json\/wp\/v2\/posts\/79095","targetHints":{"allow":["GET"]}}],"collection":[{"href":"https:\/\/linitiative.ca\/International\/wp-json\/wp\/v2\/posts"}],"about":[{"href":"https:\/\/linitiative.ca\/International\/wp-json\/wp\/v2\/types\/post"}],"author":[{"embeddable":true,"href":"https:\/\/linitiative.ca\/International\/wp-json\/wp\/v2\/users\/1965"}],"replies":[{"embeddable":true,"href":"https:\/\/linitiative.ca\/International\/wp-json\/wp\/v2\/comments?post=79095"}],"version-history":[{"count":0,"href":"https:\/\/linitiative.ca\/International\/wp-json\/wp\/v2\/posts\/79095\/revisions"}],"wp:attachment":[{"href":"https:\/\/linitiative.ca\/International\/wp-json\/wp\/v2\/media?parent=79095"}],"wp:term":[{"taxonomy":"category","embeddable":true,"href":"https:\/\/linitiative.ca\/International\/wp-json\/wp\/v2\/categories?post=79095"},{"taxonomy":"post_tag","embeddable":true,"href":"https:\/\/linitiative.ca\/International\/wp-json\/wp\/v2\/tags?post=79095"}],"curies":[{"name":"wp","href":"https:\/\/api.w.org\/{rel}","templated":true}]}}