{"id":79096,"date":"2020-03-14T17:18:04","date_gmt":"2020-03-14T21:18:04","guid":{"rendered":"https:\/\/linitiative.ca\/International\/maroc-un-ministre-controle-positif-au-coronavirus\/"},"modified":"2020-03-14T17:18:04","modified_gmt":"2020-03-14T21:18:04","slug":"maroc-un-ministre-controle-positif-au-coronavirus","status":"publish","type":"post","link":"https:\/\/linitiative.ca\/International\/maroc-un-ministre-controle-positif-au-coronavirus\/","title":{"rendered":"Maroc : un ministre contr\u00f4l\u00e9 positif au coronavirus"},"content":{"rendered":"<div readability=\"32\">\n<p>Publi\u00e9 le 14.03.2020 \u00e0 22h18 par APA News<\/p>\n<\/div>\n<div readability=\"60\">\n<p>Le ministre de l\u2019Equipement, du transport, de la logistique et de l\u2019eau, Abdelkader Amara, a \u00e9t\u00e9 contr\u00f4l\u00e9 positif au coronavirus, indique ce samedi un communiqu\u00e9 de son d\u00e9partement.Apr\u00e8s son retour d\u2019une mission officielle dans des pays europ\u00e9ens, et apr\u00e8s avoir ressenti une fatigue anormale accompagn\u00e9e de maux de t\u00eate, le ministre s\u2019est pr\u00e9sent\u00e9 aux services m\u00e9dicaux qui l\u2019ont soumis aux examens et analyses n\u00e9cessaires qui ont confirm\u00e9 sa contamination par le nouveau coronavirus (Covid 19), pr\u00e9cise le communiqu\u00e9.<\/p>\n<p>Etant donn\u00e9 que les sympt\u00f4mes pr\u00e9sent\u00e9s par le ministre sont l\u00e9gers et ne suscitent aucune inqui\u00e9tude, et conform\u00e9ment aux instructions des m\u00e9decins, le ministre demeurera chez lui durant 14 jours, et exercera ses fonctions habituelles en utilisant tous les moyens technologiques qui permettent de travailler \u00e0 distance, tout en prenant les pr\u00e9cautions sanitaires n\u00e9cessaires, conform\u00e9ment aux instructions du minist\u00e8re de la Sant\u00e9, ajoute la m\u00eame source.<\/p>\n<p>A ce jour, 18 cas de contamination par le coronavirus Covid-19 sont recens\u00e9s au Royaume. Un d\u00e9c\u00e8s a \u00e9t\u00e9 enregistr\u00e9 mardi dernier, alors que le premier patient contamin\u00e9 a \u00e9t\u00e9 enti\u00e8rement r\u00e9tabli.<\/p>\n<\/div>\n<p>Auteur: APA News<br \/>\n<a href=\"https:\/\/www.journalducameroun.com\/maroc-un-ministre-controle-positif-au-coronavirus\/\">Cliquez ici pour lire l&rsquo;article depuis sa source.<\/a><\/p>\n","protected":false},"excerpt":{"rendered":"<p>Publi\u00e9 le 14.03.2020 \u00e0 22h18 par APA News Le ministre de l\u2019Equipement, du transport, de la logistique et de l\u2019eau, Abdelkader Amara, a \u00e9t\u00e9 contr\u00f4l\u00e9 positif au coronavirus, indique ce samedi un communiqu\u00e9 de son d\u00e9partement.Apr\u00e8s son retour d\u2019une mission officielle dans des pays europ\u00e9ens, et apr\u00e8s avoir ressenti une fatigue anormale accompagn\u00e9e de maux [&hellip;]<\/p>\n","protected":false},"author":1965,"featured_media":0,"comment_status":"closed","ping_status":"closed","sticky":false,"template":"","format":"standard","meta":{"fifu_image_url":"","fifu_image_alt":"","footnotes":""},"categories":[73,82],"tags":[],"class_list":["post-79096","post","type-post","status-publish","format-standard","hentry","category-actualite","category-cameroun"],"_links":{"self":[{"href":"https:\/\/linitiative.ca\/International\/wp-json\/wp\/v2\/posts\/79096","targetHints":{"allow":["GET"]}}],"collection":[{"href":"https:\/\/linitiative.ca\/International\/wp-json\/wp\/v2\/posts"}],"about":[{"href":"https:\/\/linitiative.ca\/International\/wp-json\/wp\/v2\/types\/post"}],"author":[{"embeddable":true,"href":"https:\/\/linitiative.ca\/International\/wp-json\/wp\/v2\/users\/1965"}],"replies":[{"embeddable":true,"href":"https:\/\/linitiative.ca\/International\/wp-json\/wp\/v2\/comments?post=79096"}],"version-history":[{"count":0,"href":"https:\/\/linitiative.ca\/International\/wp-json\/wp\/v2\/posts\/79096\/revisions"}],"wp:attachment":[{"href":"https:\/\/linitiative.ca\/International\/wp-json\/wp\/v2\/media?parent=79096"}],"wp:term":[{"taxonomy":"category","embeddable":true,"href":"https:\/\/linitiative.ca\/International\/wp-json\/wp\/v2\/categories?post=79096"},{"taxonomy":"post_tag","embeddable":true,"href":"https:\/\/linitiative.ca\/International\/wp-json\/wp\/v2\/tags?post=79096"}],"curies":[{"name":"wp","href":"https:\/\/api.w.org\/{rel}","templated":true}]}}