{"id":79097,"date":"2020-03-14T16:59:08","date_gmt":"2020-03-14T20:59:08","guid":{"rendered":"https:\/\/linitiative.ca\/International\/covid-19-le-ministre-du-transport-abdelkader-amara-contamine\/"},"modified":"2020-03-14T16:59:08","modified_gmt":"2020-03-14T20:59:08","slug":"covid-19-le-ministre-du-transport-abdelkader-amara-contamine","status":"publish","type":"post","link":"https:\/\/linitiative.ca\/International\/covid-19-le-ministre-du-transport-abdelkader-amara-contamine\/","title":{"rendered":"Covid 19 : Le ministre du transport, Abdelkader Amara, contamin\u00e9"},"content":{"rendered":"<header>\n<\/header>\n<div class=\"entry-content clearfix\" readability=\"57\"><img decoding=\"async\" class=\"post_layout_5_img\" src=\"http:\/\/aujourdhui.ma\/wp-content\/uploads\/2019\/03\/Abdelkader-Amara-Transport.jpg?x29840\" alt=\"Covid 19 : Le ministre du transport, Abdelkader Amara, contamin&#xE9;\"\/><\/p>\n<p><span class=\"c4\"><strong>Le ministre de l\u2019Equipement, du Transport, de la Logistique et de l\u2019Eau, M. Abdelkader Amara, a \u00e9t\u00e9 contamin\u00e9 par le coronavirus, annonce samedi soir un communiqu\u00e9 de son d\u00e9partement.<\/strong><\/span><span id=\"more-336734\"\/><\/p>\n<p>Apr\u00e8s son retour d\u2019une mission officielle dans des pays europ\u00e9ens, et apr\u00e8s avoir ressenti une fatigue anormale accompagn\u00e9e de maux de t\u00eate, le ministre s\u2019est pr\u00e9sent\u00e9 aux services m\u00e9dicaux qui l\u2019ont soumis aux examens et analyses n\u00e9cessaires qui ont confirm\u00e9 sa contamination par le nouveau coronavirus (Covid 19), pr\u00e9cise le communiqu\u00e9.<\/p>\n<p>Etant donn\u00e9 que les sympt\u00f4mes pr\u00e9sent\u00e9s par le ministre sont l\u00e9gers et ne suscitent aucune inqui\u00e9tude, et conform\u00e9ment aux instructions des m\u00e9decins, le ministre demeurera chez lui durant 14 jours, et exercera ses fonctions habituelles en utilisant tous les moyens technologiques qui permettent de travailler \u00e0 distance, tout en prenant les pr\u00e9cautions sanitaires n\u00e9cessaires, conform\u00e9ment aux instructions du minist\u00e8re de la Sant\u00e9, ajoute la m\u00eame source.<\/p>\n<\/div>\n<p>Auteur: MAP<br \/>\n<a href=\"http:\/\/aujourdhui.ma\/actualite\/covid-19-le-ministre-du-transport-abdelkader-amara-contamine\">Cliquez ici pour lire l&rsquo;article depuis sa source.<\/a><\/p>\n","protected":false},"excerpt":{"rendered":"<p>Le ministre de l\u2019Equipement, du Transport, de la Logistique et de l\u2019Eau, M. Abdelkader Amara, a \u00e9t\u00e9 contamin\u00e9 par le coronavirus, annonce samedi soir un communiqu\u00e9 de son d\u00e9partement. Apr\u00e8s son retour d\u2019une mission officielle dans des pays europ\u00e9ens, et apr\u00e8s avoir ressenti une fatigue anormale accompagn\u00e9e de maux de t\u00eate, le ministre s\u2019est pr\u00e9sent\u00e9 [&hellip;]<\/p>\n","protected":false},"author":1759,"featured_media":0,"comment_status":"closed","ping_status":"closed","sticky":false,"template":"","format":"standard","meta":{"fifu_image_url":"","fifu_image_alt":"","footnotes":""},"categories":[73,54],"tags":[],"class_list":["post-79097","post","type-post","status-publish","format-standard","hentry","category-actualite","category-maroc"],"_links":{"self":[{"href":"https:\/\/linitiative.ca\/International\/wp-json\/wp\/v2\/posts\/79097","targetHints":{"allow":["GET"]}}],"collection":[{"href":"https:\/\/linitiative.ca\/International\/wp-json\/wp\/v2\/posts"}],"about":[{"href":"https:\/\/linitiative.ca\/International\/wp-json\/wp\/v2\/types\/post"}],"author":[{"embeddable":true,"href":"https:\/\/linitiative.ca\/International\/wp-json\/wp\/v2\/users\/1759"}],"replies":[{"embeddable":true,"href":"https:\/\/linitiative.ca\/International\/wp-json\/wp\/v2\/comments?post=79097"}],"version-history":[{"count":0,"href":"https:\/\/linitiative.ca\/International\/wp-json\/wp\/v2\/posts\/79097\/revisions"}],"wp:attachment":[{"href":"https:\/\/linitiative.ca\/International\/wp-json\/wp\/v2\/media?parent=79097"}],"wp:term":[{"taxonomy":"category","embeddable":true,"href":"https:\/\/linitiative.ca\/International\/wp-json\/wp\/v2\/categories?post=79097"},{"taxonomy":"post_tag","embeddable":true,"href":"https:\/\/linitiative.ca\/International\/wp-json\/wp\/v2\/tags?post=79097"}],"curies":[{"name":"wp","href":"https:\/\/api.w.org\/{rel}","templated":true}]}}