{"id":79105,"date":"2020-03-15T07:36:00","date_gmt":"2020-03-15T11:36:00","guid":{"rendered":"https:\/\/linitiative.ca\/International\/quatrieme-deces-et-11-nouveaux-cas-confirmes-de-covid-19\/"},"modified":"2020-03-15T07:36:00","modified_gmt":"2020-03-15T11:36:00","slug":"quatrieme-deces-et-11-nouveaux-cas-confirmes-de-covid-19","status":"publish","type":"post","link":"https:\/\/linitiative.ca\/International\/quatrieme-deces-et-11-nouveaux-cas-confirmes-de-covid-19\/","title":{"rendered":"Quatri\u00e8me d\u00e9c\u00e8s et 11 nouveaux cas confirm\u00e9s de Covid-19"},"content":{"rendered":"<div id=\"originalText\" readability=\"52\">\n<p>Onze nouveaux cas du coronavirus (covid-19) ont \u00e9t\u00e9 confirm\u00e9s en Alg\u00e9rie, dont un d\u00e9c\u00e8s, portant au total 48 cas confirm\u00e9s avec quatre d\u00e9c\u00e8s, a indiqu\u00e9 ce\u00a0dimanche un communiqu\u00e9 du minist\u00e8re de la Sant\u00e9 de la Population et de la R\u00e9forme hospitali\u00e8re.<\/p>\n<p>Pour le nouveau cas de d\u00e9c\u00e8s, il s&rsquo;agit d&rsquo;une une femme \u00e2g\u00e9e de 84 ans dans la wilaya de Blida, pr\u00e9cise le communiqu\u00e9, ajoutant que neuf cas contacts ont \u00e9t\u00e9 enregistr\u00e9s \u00e9galement \u00e0 Blida qui \u00e9taient en contact avec les premiers cas, ainsi que deux autres nouveaux cas dans la wilaya de Guelma.<\/p>\n<p>L\u2019enqu\u00eate \u00e9pid\u00e9miologique se poursuit pour retrouver et identifier toutes les personnes contacts, a indiqu\u00e9 le minist\u00e8re de la Sant\u00e9, soulignant que le dispositif de veille et d&rsquo;alerte mis en place \u00ab\u00a0demeure en vigueur et la mobilisation des \u00e9quipes de sant\u00e9 reste \u00e0 son plus haut niveau\u00a0\u00bb.<\/p>\n<p class=\"c6\"><strong>APS<\/strong><\/p>\n<\/div>\n<div id=\"text_core\" readability=\"52\">\n<p>Onze nouveaux cas du coronavirus (covid-19) ont \u00e9t\u00e9 confirm\u00e9s en Alg\u00e9rie, dont un d\u00e9c\u00e8s, portant au total 48 cas confirm\u00e9s avec quatre d\u00e9c\u00e8s, a indiqu\u00e9 ce\u00a0dimanche un communiqu\u00e9 du minist\u00e8re de la Sant\u00e9 de la Population et de la R\u00e9forme hospitali\u00e8re.<\/p>\n<p>Pour le nouveau cas de d\u00e9c\u00e8s, il s&rsquo;agit d&rsquo;une une femme \u00e2g\u00e9e de 84 ans dans la wilaya de Blida, pr\u00e9cise le communiqu\u00e9, ajoutant que neuf cas contacts ont \u00e9t\u00e9 enregistr\u00e9s \u00e9galement \u00e0 Blida qui \u00e9taient en contact avec les premiers cas, ainsi que deux autres nouveaux cas dans la wilaya de Guelma.<\/p>\n<p>L\u2019enqu\u00eate \u00e9pid\u00e9miologique se poursuit pour retrouver et identifier toutes les personnes contacts, a indiqu\u00e9 le minist\u00e8re de la Sant\u00e9, soulignant que le dispositif de veille et d&rsquo;alerte mis en place \u00ab\u00a0demeure en vigueur et la mobilisation des \u00e9quipes de sant\u00e9 reste \u00e0 son plus haut niveau\u00a0\u00bb.<\/p>\n<p class=\"c6\"><strong>APS<\/strong><\/p>\n<\/div>\n<p>Auteur:<br \/>\n<a href=\"https:\/\/www.liberte-algerie.com\/actualite\/quatrieme-deces-et-11-nouveaux-cas-confirmes-de-covid-19-335910\">Cliquez ici pour lire l&rsquo;article depuis sa source.<\/a><\/p>\n","protected":false},"excerpt":{"rendered":"<p>Onze nouveaux cas du coronavirus (covid-19) ont \u00e9t\u00e9 confirm\u00e9s en Alg\u00e9rie, dont un d\u00e9c\u00e8s, portant au total 48 cas confirm\u00e9s avec quatre d\u00e9c\u00e8s, a indiqu\u00e9 ce\u00a0dimanche un communiqu\u00e9 du minist\u00e8re de la Sant\u00e9 de la Population et de la R\u00e9forme hospitali\u00e8re. Pour le nouveau cas de d\u00e9c\u00e8s, il s&rsquo;agit d&rsquo;une une femme \u00e2g\u00e9e de 84 [&hellip;]<\/p>\n","protected":false},"author":1742,"featured_media":0,"comment_status":"closed","ping_status":"closed","sticky":false,"template":"","format":"standard","meta":{"fifu_image_url":"","fifu_image_alt":"","footnotes":""},"categories":[73,53],"tags":[],"class_list":["post-79105","post","type-post","status-publish","format-standard","hentry","category-actualite","category-algerie"],"_links":{"self":[{"href":"https:\/\/linitiative.ca\/International\/wp-json\/wp\/v2\/posts\/79105","targetHints":{"allow":["GET"]}}],"collection":[{"href":"https:\/\/linitiative.ca\/International\/wp-json\/wp\/v2\/posts"}],"about":[{"href":"https:\/\/linitiative.ca\/International\/wp-json\/wp\/v2\/types\/post"}],"author":[{"embeddable":true,"href":"https:\/\/linitiative.ca\/International\/wp-json\/wp\/v2\/users\/1742"}],"replies":[{"embeddable":true,"href":"https:\/\/linitiative.ca\/International\/wp-json\/wp\/v2\/comments?post=79105"}],"version-history":[{"count":0,"href":"https:\/\/linitiative.ca\/International\/wp-json\/wp\/v2\/posts\/79105\/revisions"}],"wp:attachment":[{"href":"https:\/\/linitiative.ca\/International\/wp-json\/wp\/v2\/media?parent=79105"}],"wp:term":[{"taxonomy":"category","embeddable":true,"href":"https:\/\/linitiative.ca\/International\/wp-json\/wp\/v2\/categories?post=79105"},{"taxonomy":"post_tag","embeddable":true,"href":"https:\/\/linitiative.ca\/International\/wp-json\/wp\/v2\/tags?post=79105"}],"curies":[{"name":"wp","href":"https:\/\/api.w.org\/{rel}","templated":true}]}}