{"id":79109,"date":"2020-03-14T17:37:30","date_gmt":"2020-03-14T21:37:30","guid":{"rendered":"https:\/\/linitiative.ca\/International\/atelier-sur-lelaboration-des-petitions\/"},"modified":"2020-03-14T17:37:30","modified_gmt":"2020-03-14T21:37:30","slug":"atelier-sur-lelaboration-des-petitions","status":"publish","type":"post","link":"https:\/\/linitiative.ca\/International\/atelier-sur-lelaboration-des-petitions\/","title":{"rendered":"Atelier sur l\u2019\u00e9laboration des p\u00e9titions"},"content":{"rendered":"<div class=\"single-featured\"><img alt=\"\" data-src=\"http:\/\/www.mapmarrakech.ma\/map\/uploads\/2020\/03\/Maison-&#xE9;lu-atelier-p&#xE9;titions.jpg\"\/><\/div>\n<div class=\"single-post-excerpt post-excerpt-bc\" readability=\"37\">\n<p>Marrakech- La Maison de l\u2019Elu (Dar Al Mountakhab) \u00e0 Marrakech a organis\u00e9, r\u00e9cemment, un atelier sur l\u2019\u00e9laboration des p\u00e9titions, afin de renforcer les comp\u00e9tences de la soci\u00e9t\u00e9 civile en la mati\u00e8re.<\/p>\n<\/div>\n<div class=\"entry-content clearfix single-post-content\" readability=\"63\">\n<p>Cette session de formation a permis aux b\u00e9n\u00e9ficiaires de prendre connaissance des dispositions juridiques qui r\u00e9gissent le droit relatif \u00e0 l\u2019\u00e9laboration et \u00e0 la soumission des p\u00e9titions aux autorit\u00e9s publiques et aux conseils des collectivit\u00e9s territoriales, en tant qu\u2019outil fondamental de contribution \u00e0 la gestion d\u00e9mocratique et participative pour la population et la soci\u00e9t\u00e9 civile.<\/p>\n<p>Cette rencontre visait \u00e9galement \u00e0 faire conna\u00eetre ce m\u00e9canisme constitutionnel et sa grande importance dans l\u2019\u00e9dification d\u2019une citoyennet\u00e9 agissante et la cons\u00e9cration des m\u00e9canismes et r\u00e8gles de la d\u00e9mocratie participative.<\/p>\n<p>Par la m\u00eame occasion, des acteurs associatifs issus des diff\u00e9rentes provinces relevant de la r\u00e9gion de Marrakech-Safi se sont inform\u00e9s des \u00e9tapes fondamentales \u00e0 suivre pour exercer le droit de pr\u00e9senter des p\u00e9titions aux autorit\u00e9s publiques et aux conseils des collectivit\u00e9s territoriales, ainsi que des m\u00e9canismes participatifs relatifs au dialogue et \u00e0 la concertation au niveau territorial.<\/p>\n<p>Lors de cet atelier, il a \u00e9t\u00e9 proc\u00e9d\u00e9 \u00e9galement \u00e0 l\u2019\u00e9valuation de la capacit\u00e9 des b\u00e9n\u00e9ficiaires \u00e0 \u00e9laborer des p\u00e9titions, outre leur maitrise des techniques, m\u00e9thodes et outils et leur application correcte en la mati\u00e8re, voire aussi leur impact sur le processus de prise de d\u00e9cisions au niveau local.<\/p>\n<p>Initi\u00e9 en partenariat avec l\u2019Institut National D\u00e9mocratique Am\u00e9ricain et l\u2019Agence de Coop\u00e9ration Internationale Allemande (GIZ), cet atelier s\u2019inscrit dans le cadre de la mise en oeuvre de la r\u00e9gionalisation avanc\u00e9e, conform\u00e9ment aux dispositions de la Constitution et de la loi organique 111-14.<\/p>\n<\/div>\n<p>Auteur: Mohammed KOURSI<br \/>\n<a href=\"http:\/\/www.mapmarrakech.ma\/fr\/atelier-sur-lelaboration-des-petitions\/\">Cliquez ici pour lire l&rsquo;article depuis sa source.<\/a><\/p>\n","protected":false},"excerpt":{"rendered":"<p>Marrakech- La Maison de l\u2019Elu (Dar Al Mountakhab) \u00e0 Marrakech a organis\u00e9, r\u00e9cemment, un atelier sur l\u2019\u00e9laboration des p\u00e9titions, afin de renforcer les comp\u00e9tences de la soci\u00e9t\u00e9 civile en la mati\u00e8re. Cette session de formation a permis aux b\u00e9n\u00e9ficiaires de prendre connaissance des dispositions juridiques qui r\u00e9gissent le droit relatif \u00e0 l\u2019\u00e9laboration et \u00e0 la [&hellip;]<\/p>\n","protected":false},"author":1788,"featured_media":79110,"comment_status":"closed","ping_status":"closed","sticky":false,"template":"","format":"standard","meta":{"fifu_image_url":"","fifu_image_alt":"","footnotes":""},"categories":[54,76],"tags":[],"class_list":["post-79109","post","type-post","status-publish","format-standard","has-post-thumbnail","hentry","category-maroc","category-regions"],"_links":{"self":[{"href":"https:\/\/linitiative.ca\/International\/wp-json\/wp\/v2\/posts\/79109","targetHints":{"allow":["GET"]}}],"collection":[{"href":"https:\/\/linitiative.ca\/International\/wp-json\/wp\/v2\/posts"}],"about":[{"href":"https:\/\/linitiative.ca\/International\/wp-json\/wp\/v2\/types\/post"}],"author":[{"embeddable":true,"href":"https:\/\/linitiative.ca\/International\/wp-json\/wp\/v2\/users\/1788"}],"replies":[{"embeddable":true,"href":"https:\/\/linitiative.ca\/International\/wp-json\/wp\/v2\/comments?post=79109"}],"version-history":[{"count":0,"href":"https:\/\/linitiative.ca\/International\/wp-json\/wp\/v2\/posts\/79109\/revisions"}],"wp:featuredmedia":[{"embeddable":true,"href":"https:\/\/linitiative.ca\/International\/wp-json\/"}],"wp:attachment":[{"href":"https:\/\/linitiative.ca\/International\/wp-json\/wp\/v2\/media?parent=79109"}],"wp:term":[{"taxonomy":"category","embeddable":true,"href":"https:\/\/linitiative.ca\/International\/wp-json\/wp\/v2\/categories?post=79109"},{"taxonomy":"post_tag","embeddable":true,"href":"https:\/\/linitiative.ca\/International\/wp-json\/wp\/v2\/tags?post=79109"}],"curies":[{"name":"wp","href":"https:\/\/api.w.org\/{rel}","templated":true}]}}